{"id":22939,"date":"2022-08-04T09:03:53","date_gmt":"2022-08-04T09:03:53","guid":{"rendered":"https:\/\/otbb.org\/?p=22939"},"modified":"2025-09-01T08:51:17","modified_gmt":"2025-09-01T08:51:17","slug":"journees-europeenes-du-patrimoine","status":"publish","type":"post","link":"https:\/\/otbb.org\/en\/journees-europeenes-du-patrimoine\/","title":{"rendered":"Journ\u00e9es Europ\u00e9ennes du Patrimoine"},"content":{"rendered":"<div data-elementor-type=\"wp-post\" data-elementor-id=\"22939\" class=\"elementor elementor-22939\" data-elementor-post-type=\"post\">\n\t\t\t\t\t\t<section class=\"elementor-section elementor-top-section elementor-element elementor-element-bc9f4ad elementor-section-stretched elementor-section-boxed elementor-section-height-default elementor-section-height-default\" data-id=\"bc9f4ad\" data-element_type=\"section\" data-e-type=\"section\" data-settings=\"{&quot;stretch_section&quot;:&quot;section-stretched&quot;,&quot;background_background&quot;:&quot;classic&quot;}\">\n\t\t\t\t\t\t<div class=\"elementor-container elementor-column-gap-default\">\n\t\t\t\t\t<div class=\"elementor-column elementor-col-100 elementor-top-column elementor-element elementor-element-8205bbc\" data-id=\"8205bbc\" data-element_type=\"column\" data-e-type=\"column\">\n\t\t\t<div class=\"elementor-widget-wrap elementor-element-populated\">\n\t\t\t\t\t\t<div class=\"elementor-element elementor-element-f0a09ea elementor-widget elementor-widget-spacer\" data-id=\"f0a09ea\" data-element_type=\"widget\" data-e-type=\"widget\" data-widget_type=\"spacer.default\">\n\t\t\t\t<div class=\"elementor-widget-container\">\n\t\t\t\t\t\t\t<div class=\"elementor-spacer\">\n\t\t\t<div class=\"elementor-spacer-inner\"><\/div>\n\t\t<\/div>\n\t\t\t\t\t\t<\/div>\n\t\t\t\t<\/div>\n\t\t\t\t<div class=\"elementor-element elementor-element-b5cff51 elementor-widget elementor-widget-heading\" data-id=\"b5cff51\" data-element_type=\"widget\" data-e-type=\"widget\" data-widget_type=\"heading.default\">\n\t\t\t\t<div class=\"elementor-widget-container\">\n\t\t\t\t\t<h2 class=\"elementor-heading-title elementor-size-default\">Journ\u00e9es Europ\u00e9ennes<br>du Patrimoine 2025<\/h2>\t\t\t\t<\/div>\n\t\t\t\t<\/div>\n\t\t\t\t<div class=\"elementor-element elementor-element-99522cb elementor-widget elementor-widget-spacer\" data-id=\"99522cb\" data-element_type=\"widget\" data-e-type=\"widget\" data-widget_type=\"spacer.default\">\n\t\t\t\t<div class=\"elementor-widget-container\">\n\t\t\t\t\t\t\t<div class=\"elementor-spacer\">\n\t\t\t<div class=\"elementor-spacer-inner\"><\/div>\n\t\t<\/div>\n\t\t\t\t\t\t<\/div>\n\t\t\t\t<\/div>\n\t\t\t\t\t<\/div>\n\t\t<\/div>\n\t\t\t\t\t<\/div>\n\t\t<\/section>\n\t\t\t\t<section class=\"elementor-section elementor-top-section elementor-element elementor-element-b354693 elementor-section-boxed elementor-section-height-default elementor-section-height-default\" data-id=\"b354693\" data-element_type=\"section\" data-e-type=\"section\">\n\t\t\t\t\t\t<div class=\"elementor-container elementor-column-gap-default\">\n\t\t\t\t\t<div class=\"elementor-column elementor-col-100 elementor-top-column elementor-element elementor-element-f260cad\" data-id=\"f260cad\" data-element_type=\"column\" data-e-type=\"column\">\n\t\t\t<div class=\"elementor-widget-wrap elementor-element-populated\">\n\t\t\t\t\t\t<div class=\"elementor-element elementor-element-182a62b elementor-widget elementor-widget-spacer\" data-id=\"182a62b\" data-element_type=\"widget\" data-e-type=\"widget\" data-widget_type=\"spacer.default\">\n\t\t\t\t<div class=\"elementor-widget-container\">\n\t\t\t\t\t\t\t<div class=\"elementor-spacer\">\n\t\t\t<div class=\"elementor-spacer-inner\"><\/div>\n\t\t<\/div>\n\t\t\t\t\t\t<\/div>\n\t\t\t\t<\/div>\n\t\t\t\t\t<\/div>\n\t\t<\/div>\n\t\t\t\t\t<\/div>\n\t\t<\/section>\n\t\t\t\t<section class=\"elementor-section elementor-top-section elementor-element elementor-element-b4e1a3a elementor-section-stretched elementor-section-boxed elementor-section-height-default elementor-section-height-default\" data-id=\"b4e1a3a\" data-element_type=\"section\" data-e-type=\"section\" data-settings=\"{&quot;stretch_section&quot;:&quot;section-stretched&quot;}\">\n\t\t\t\t\t\t<div class=\"elementor-container elementor-column-gap-default\">\n\t\t\t\t\t<div class=\"elementor-column elementor-col-100 elementor-top-column elementor-element elementor-element-e834d51\" data-id=\"e834d51\" data-element_type=\"column\" data-e-type=\"column\">\n\t\t\t<div class=\"elementor-widget-wrap elementor-element-populated\">\n\t\t\t\t\t\t<div class=\"elementor-element elementor-element-4e88aa3 elementor-widget elementor-widget-heading\" data-id=\"4e88aa3\" data-element_type=\"widget\" data-e-type=\"widget\" data-widget_type=\"heading.default\">\n\t\t\t\t<div class=\"elementor-widget-container\">\n\t\t\t\t\t<h3 class=\"elementor-heading-title elementor-size-default\"><b>Samedi 20 et dimanche 21 septembre 2025<b><\/h3>\t\t\t\t<\/div>\n\t\t\t\t<\/div>\n\t\t\t\t\t<\/div>\n\t\t<\/div>\n\t\t\t\t\t<\/div>\n\t\t<\/section>\n\t\t\t\t<section class=\"elementor-section elementor-top-section elementor-element elementor-element-36a42e9 elementor-section-boxed elementor-section-height-default elementor-section-height-default\" data-id=\"36a42e9\" data-element_type=\"section\" data-e-type=\"section\">\n\t\t\t\t\t\t<div class=\"elementor-container elementor-column-gap-default\">\n\t\t\t\t\t<div class=\"elementor-column elementor-col-100 elementor-top-column elementor-element elementor-element-d52a094\" data-id=\"d52a094\" data-element_type=\"column\" data-e-type=\"column\">\n\t\t\t<div class=\"elementor-widget-wrap\">\n\t\t\t\t\t\t\t<\/div>\n\t\t<\/div>\n\t\t\t\t\t<\/div>\n\t\t<\/section>\n\t\t\t\t<section class=\"elementor-section elementor-top-section elementor-element elementor-element-1b52770 elementor-section-boxed elementor-section-height-default elementor-section-height-default\" data-id=\"1b52770\" data-element_type=\"section\" data-e-type=\"section\">\n\t\t\t\t\t\t<div class=\"elementor-container elementor-column-gap-default\">\n\t\t\t\t\t<div class=\"elementor-column elementor-col-100 elementor-top-column elementor-element elementor-element-c0d62f2\" data-id=\"c0d62f2\" data-element_type=\"column\" data-e-type=\"column\">\n\t\t\t<div class=\"elementor-widget-wrap elementor-element-populated\">\n\t\t\t\t\t\t<div class=\"elementor-element elementor-element-8a163aa elementor-widget elementor-widget-image\" data-id=\"8a163aa\" data-element_type=\"widget\" data-e-type=\"widget\" data-widget_type=\"image.default\">\n\t\t\t\t<div class=\"elementor-widget-container\">\n\t\t\t\t\t\t\t\t\t\t\t\t\t\t\t<img fetchpriority=\"high\" decoding=\"async\" width=\"683\" height=\"1024\" src=\"https:\/\/otbb.org\/wp-content\/uploads\/2022\/08\/csm_HDV_Interieur-AdB-093_c1991ffdf8-683x1024.jpg\" class=\"attachment-large size-large wp-image-35051\" alt=\"\" srcset=\"https:\/\/otbb.org\/wp-content\/uploads\/2022\/08\/csm_HDV_Interieur-AdB-093_c1991ffdf8-683x1024.jpg 683w, https:\/\/otbb.org\/wp-content\/uploads\/2022\/08\/csm_HDV_Interieur-AdB-093_c1991ffdf8-200x300.jpg 200w, https:\/\/otbb.org\/wp-content\/uploads\/2022\/08\/csm_HDV_Interieur-AdB-093_c1991ffdf8-8x12.jpg 8w, https:\/\/otbb.org\/wp-content\/uploads\/2022\/08\/csm_HDV_Interieur-AdB-093_c1991ffdf8-600x900.jpg 600w, https:\/\/otbb.org\/wp-content\/uploads\/2022\/08\/csm_HDV_Interieur-AdB-093_c1991ffdf8.jpg 720w\" sizes=\"(max-width: 683px) 100vw, 683px\" style=\"width:100%;height:150%;max-width:720px\" \/>\t\t\t\t\t\t\t\t\t\t\t\t\t\t\t<\/div>\n\t\t\t\t<\/div>\n\t\t\t\t\t<\/div>\n\t\t<\/div>\n\t\t\t\t\t<\/div>\n\t\t<\/section>\n\t\t\t\t<section class=\"elementor-section elementor-top-section elementor-element elementor-element-f7a9b9a elementor-section-boxed elementor-section-height-default elementor-section-height-default\" data-id=\"f7a9b9a\" data-element_type=\"section\" data-e-type=\"section\">\n\t\t\t\t\t\t<div class=\"elementor-container elementor-column-gap-default\">\n\t\t\t\t\t<div class=\"elementor-column elementor-col-100 elementor-top-column elementor-element elementor-element-c23b4aa\" data-id=\"c23b4aa\" data-element_type=\"column\" data-e-type=\"column\">\n\t\t\t<div class=\"elementor-widget-wrap elementor-element-populated\">\n\t\t\t\t\t\t<div class=\"elementor-element elementor-element-a0510fd elementor-widget elementor-widget-spacer\" data-id=\"a0510fd\" data-element_type=\"widget\" data-e-type=\"widget\" data-widget_type=\"spacer.default\">\n\t\t\t\t<div class=\"elementor-widget-container\">\n\t\t\t\t\t\t\t<div class=\"elementor-spacer\">\n\t\t\t<div class=\"elementor-spacer-inner\"><\/div>\n\t\t<\/div>\n\t\t\t\t\t\t<\/div>\n\t\t\t\t<\/div>\n\t\t\t\t\t<\/div>\n\t\t<\/div>\n\t\t\t\t\t<\/div>\n\t\t<\/section>\n\t\t\t\t<section class=\"elementor-section elementor-top-section elementor-element elementor-element-588d3a8 elementor-section-boxed elementor-section-height-default elementor-section-height-default\" data-id=\"588d3a8\" data-element_type=\"section\" data-e-type=\"section\">\n\t\t\t\t\t\t<div class=\"elementor-container elementor-column-gap-default\">\n\t\t\t\t\t<div class=\"elementor-column elementor-col-100 elementor-top-column elementor-element elementor-element-884c119\" data-id=\"884c119\" data-element_type=\"column\" data-e-type=\"column\">\n\t\t\t<div class=\"elementor-widget-wrap elementor-element-populated\">\n\t\t\t\t\t\t<div class=\"elementor-element elementor-element-7b553bc elementor-widget elementor-widget-heading\" data-id=\"7b553bc\" data-element_type=\"widget\" data-e-type=\"widget\" data-widget_type=\"heading.default\">\n\t\t\t\t<div class=\"elementor-widget-container\">\n\t\t\t\t\t<h2 class=\"elementor-heading-title elementor-size-default\"><b>PROGRAMME 2025<\/h2>\t\t\t\t<\/div>\n\t\t\t\t<\/div>\n\t\t\t\t\t<\/div>\n\t\t<\/div>\n\t\t\t\t\t<\/div>\n\t\t<\/section>\n\t\t\t\t<section class=\"elementor-section elementor-top-section elementor-element elementor-element-e1e0d7c elementor-section-stretched elementor-section-boxed elementor-section-height-default elementor-section-height-default\" data-id=\"e1e0d7c\" data-element_type=\"section\" data-e-type=\"section\" data-settings=\"{&quot;stretch_section&quot;:&quot;section-stretched&quot;}\">\n\t\t\t\t\t\t<div class=\"elementor-container elementor-column-gap-wide\">\n\t\t\t\t\t<div class=\"elementor-column elementor-col-100 elementor-top-column elementor-element elementor-element-db67ba8\" data-id=\"db67ba8\" data-element_type=\"column\" data-e-type=\"column\">\n\t\t\t<div class=\"elementor-widget-wrap elementor-element-populated\">\n\t\t\t\t\t\t<div class=\"elementor-element elementor-element-6532fb8 elementor-widget elementor-widget-text-editor\" data-id=\"6532fb8\" data-element_type=\"widget\" data-e-type=\"widget\" data-widget_type=\"text-editor.default\">\n\t\t\t\t<div class=\"elementor-widget-container\">\n\t\t\t\t\t\t\t\t\t<p class=\"heading__teaser\">Premier \u00e9v\u00e9nement culturel de la rentr\u00e9e, les <strong>Journ\u00e9es europ\u00e9ennes du Patrimoine<\/strong> ouvrent en grand les portes de lieux et d\u2019\u00e9difices \u00e0 <em>Boulogne-Billancourt<\/em>, ville d\u2019Art et d\u2019Histoire.<\/p><p class=\"heading__teaser\">Ces journ\u00e9es offrent aussi l\u2019opportunit\u00e9 de participer \u00e0 diverses animations.<\/p><p class=\"heading__teaser\">Profitez-en pour explorer le patrimoine sous toutes ses formes les <strong>samedi 20 et dimanche 21 septembre 2025 !<\/strong><\/p><p>\u00a0<\/p><p><strong>H\u00f4tel de Ville\u00a0<\/strong><\/p><ul><li><span style=\"font-family: Inter;\"><strong>Samedi \u00e0 16h :\u00a0<\/strong>Visite comment\u00e9e<\/span><\/li><li><span style=\"font-family: Inter;\"><strong>Samedi &amp; dimanche de 14h \u00e0 18h :\u00a0<\/strong>\u00ab\u00a0Voyage dans le temps \u00e0 l\u2019h\u00f4tel de ville\u00a0\u00bb\u00a0animation en r\u00e9alit\u00e9 augment\u00e9e<\/span><\/li><li><span style=\"font-family: Inter;\"><strong>Dimanche \u00e0 14h : <\/strong>Visite comment\u00e9e<\/span><\/li><li><span style=\"font-family: Inter;\"><strong>Dimanche \u00e0\u00a0<\/strong><strong>15h30 : <\/strong>Au lendemain des 90 ans de l\u2019h\u00f4tel de ville (1934-2024), les chorales boulonnaises proposent un concert autour d\u2019un r\u00e9pertoire des ann\u00e9es 1930.<\/span><\/li><\/ul><p>\u00a0<\/p><p><strong>Archives municipales<\/strong><\/p><p>Rez-de-jardin de l\u2019h\u00f4tel de ville.<strong>\u00a0<\/strong>R\u00e9servations au 01 55 18 54 59 ou par\u00a0<a href=\"https:\/\/www.boulognebillancourt.com\/information-transversale\/agenda\/journees-europeennes-du-patrimoine-2025-5190#\" data-mailto-token=\"nbjmup+bsdijwft.TEMAnbjsjf.cpvmphof.cjmmbodpvsu\/gs\" data-mailto-vector=\"1\">e-mail ici<\/a><\/p><ul><li><strong>Samedi \u00e0 10h : <\/strong>Visite comment\u00e9e.<\/li><li><strong>Samedi &amp; dimanche\u00a0<\/strong><strong>\u00e0 14h\u00a015h30 et 17h30 :\u00a0<\/strong>Escape game \u00ab\u00a0Panique aux archives\u00a0!\u00a0\u00bb<strong>\u00a0<\/strong>\u00c0 partir de 13 ans (mineurs accompagn\u00e9s d\u2019un adulte).<\/li><\/ul><p><strong>M\u00e9diath\u00e8que Landowski (3e \u00e9tage)<\/strong><\/p><ul><li><strong>Samedi de 14h \u00e0 15h30 \/ Dimanche de 14h \u00e0 17h30 :\u00a0<\/strong>Pr\u00e9sentation rassemblant des livres documentaires du fonds patrimonial, des maquettes et des plans de deux ateliers d\u2019artistes command\u00e9s \u00e0 cette \u00e9poque par Alfred Lombard et Dora Gordine, \u00e0 deux architectes prestigieux, Pierre Patout et Auguste Perret.<\/li><\/ul><ul><li><strong>Samedi \u00e0 16h : <\/strong>Lando Art (rencontre-d\u00e9dicace) avec Emmanuel Br\u00e9on, chef du d\u00e9partement des peintures \u00e0 la Cit\u00e9 de l\u2019Architecture et du Patrimoine au Palais de Chaillot, sp\u00e9cialiste du style Art d\u00e9co et des Ann\u00e9es 30.<\/li><\/ul><p>\u00a0<\/p><p><strong>Mus\u00e9e des Ann\u00e9es 30 &#8211; L&rsquo;Art d\u00e9co a 100 ans !<\/strong><\/p><ul><li><strong>Samedi et dimanche de 11h \u00e0 19h : <\/strong>Visite libre<\/li><\/ul><ul><li><strong>Samedi \u00e0 11h : <\/strong>Visite guid\u00e9e \u00ab\u00a0L\u2019esth\u00e9tique Art d\u00e9co\u00a0\u00bb au sein du nouvel accrochage du cabinet d\u2019arts graphiques (1h30).<\/li><\/ul><ul><li><strong>Samedi \u00e0\u00a0<\/strong><strong>18h : <\/strong>Conf\u00e9rence \u00ab\u00a0Balade \u00e0 l\u2019Exposition internationale des arts d\u00e9coratifs industriels et modernes de 1925\u00a0\u00bb avec Laurent Antoine LeMog, membre du bureau de l\u2019association Art d\u00e9co de Reims et consultant en histoire des expositions universelles (1h30).<\/li><\/ul><ul><li><strong>Samedi \u00e0 15h30 \/ Dimanche \u00e0 11h : <\/strong>Pr\u00e9sentation d&rsquo;une s\u00e9lection de chefs-d\u2019oeuvre des collections et de l\u2019<a title=\"exposition coskun (Nouvelle fen\u00eatre)\" href=\"https:\/\/www.boulognebillancourt.com\/information-transversale\/agenda\/coskun-expression-directe-4973\" target=\"_blank\" rel=\"noopener\">exposition Coskun<\/a> par le directeur-conservateur en chef (1h30).<\/li><\/ul><ul><li><strong>Dimanche \u00e0 17h30 : <\/strong>Duo voix\/violoncelle par\u00a0<a class=\"link-external\" title=\"miquel muniz (Nouvelle fen\u00eatre Lien externe)\" href=\"https:\/\/academiejaroussky.org\/membre\/miquel-muniz\/\" target=\"_blank\" rel=\"noreferrer noopener\">Miquel Muniz<\/a>\u00a0and\u00a0<a class=\"link-external\" title=\"louisa deloye (Nouvelle fen\u00eatre Lien externe)\" href=\"https:\/\/academiejaroussky.org\/membre\/louisa-deloye\/\" target=\"_blank\" rel=\"noreferrer noopener\">Louisa Deloye<\/a>, de l\u2019Acad\u00e9mie Jaroussky.<\/li><\/ul><p>\u00a0<\/p><p><strong>Mus\u00e9e Paul-Landowski &#8211; 150 ans de la naissance de l\u2019artiste<\/strong><\/p><ul><li><strong>Samedi et dimanche de 11h \u00e0 19h :<\/strong> Visite libre.<\/li><li><strong>Samedi \u00e0 14h :<\/strong>\u00a0Visite comment\u00e9e par l\u2019arri\u00e8re-petit-fils du sculpteur.<\/li><li><strong>Dimanche \u00e0 14h :<\/strong> Visite comment\u00e9e par l\u2019arri\u00e8re-petite-fille du sculpteur.<\/li><\/ul><p>\u00a0<\/p><p><strong>Mus\u00e9e Paul-Belmondo<\/strong><\/p><ul><li><strong>Samedi et dimanche de 11h \u00e0 19h : <\/strong>Visite libre<\/li><li><strong>Samedi de 14h30 \u00e0 19h : <\/strong>Atelier participatif \u00ab\u00a0Broder ses \u00e9motions\u00a0\u00bb autour du dialogue entre Paul Belmondo et <a title=\"coskun (Nouvelle fen\u00eatre)\" href=\"https:\/\/www.boulognebillancourt.com\/information-transversale\/agenda\/coskun-expression-directe-4973\" target=\"_blank\" rel=\"noopener\">Coskun<\/a>.<\/li><li><strong>Samedi \u00e0 15h :\u00a0<\/strong>Performance de taille dans le bois par l\u2019artiste\u00a0<a title=\"coskun (Nouvelle fen\u00eatre)\" href=\"https:\/\/www.boulognebillancourt.com\/information-transversale\/agenda\/coskun-expression-directe-4973\" target=\"_blank\" rel=\"noopener\">Coskun<\/a>.<\/li><li><strong>Dimanche \u00e0 14h :\u00a0<\/strong>Duo voix\/violoncelle par <a class=\"link-external\" title=\"miquel muniz (Nouvelle fen\u00eatre Lien externe)\" href=\"https:\/\/academiejaroussky.org\/membre\/miquel-muniz\/\" target=\"_blank\" rel=\"noreferrer noopener\">Miquel Muniz<\/a>\u00a0and\u00a0<a class=\"link-external\" title=\"louisa deloye (Nouvelle fen\u00eatre Lien externe)\" href=\"https:\/\/academiejaroussky.org\/membre\/louisa-deloye\/\" target=\"_blank\" rel=\"noreferrer noopener\">Louisa Deloye<\/a>, de l\u2019Acad\u00e9mie Jaroussky.<\/li><li><strong>Dimanche de 14h30 \u00e0 17h30\u00a0<\/strong>(d\u00e9part toutes les 30 mn) : Visites flash de 20 mn.<\/li><li><strong>Dimanche \u00e0 18h : <\/strong>Concert de l\u2019ensemble de musique de chambre et du groupe Couleurs Jazz, propos\u00e9s par l\u2019\u00e9cole Prizma.<\/li><\/ul><p>\u00a0<\/p><p><strong>Mus\u00e9e-jardin d\u00e9partemental Albert-Kahn<\/strong><\/p><p>R\u00e9servation du\u00a0<a class=\"link-external\" title=\"billet d\u2019entr\u00e9e en ligne (Nouvelle fen\u00eatre Lien externe)\" href=\"https:\/\/billetterie.albert-kahn.hauts-de-seine.fr\/fr-FR\/accueil\" target=\"_blank\" rel=\"noreferrer noopener\">billet d\u2019entr\u00e9e en ligne<\/a>. Inscriptions aux activit\u00e9s et visites sur place.<\/p><ul><li><strong>Samedi et dimanche de 11h30 \u00e0 18h30 : <\/strong>Projection de films des collections des Archives de la Plan\u00e8te (Auditorium)<\/li><li><strong>Samedi et dimanche de 13h30 \u00e0 17h30\u00a0<\/strong>(d\u00e9part toutes les 30min) : Visites \u00e0 la carte \u2013 focus architecture.<\/li><li><strong>Samedi \u00e0 11h15, 14h15 et 16h15 : <\/strong>Visite d\u00e9couverte du jardin \u00e0 sc\u00e8nes paysag\u00e8res du mus\u00e9e \u00e0 l\u2019aide de l\u2019application Pl@ntnet.<\/li><li><strong>Samedi \u00e0 11h30, 14h30 et 16h30 :\u00a0<\/strong>Ateliers 2tonnes \u00ab\u00a0Cultivons notre avenir\u00a0\u00bb, compos\u00e9s de quiz interactifs, afin de prendre conscience des moyens d\u2019action efficaces pour r\u00e9duire son empreinte carbone.<\/li><li><strong>Dimanche de 14h \u00e0 18h : <\/strong>Jeu-enqu\u00eate type Cluedo : D\u00e9couverte des collections. Qui a assomm\u00e9 ce pauvre Albert ? Identifiez le coupable en collectant des indices \u00e0 travers les collections du mus\u00e9e !<\/li><\/ul><p>\u00a0<\/p><p><strong>Renault Histoire et Ametis<\/strong><\/p><p>Les associations consacr\u00e9es \u00e0 la m\u00e9moire de la r\u00e9gie automobile vous proposent une exposition autour de la 4CV, la Dauphine et la R4 ainsi que des bapt\u00eames en v\u00e9hicules anciens.\u00a0<strong>Espace Landowski.<\/strong><\/p><ul><li><strong>Samedi et dimanche de 9h \u00e0 18h : <\/strong>Exposition de voitures anciennes, visites comment\u00e9es, visionnage de films.<\/li><li><strong>Dimanche de 10h \u00e0 17h : <\/strong>Bapt\u00eames en voitures anciennes au d\u00e9part de l\u2019h\u00f4tel de ville \u00e0 travers les lieux qui ont marqu\u00e9 l\u2019histoire de Renault.<\/li><li><strong>Dimanche de 10h30 \u00e0 17h :\u00a0<\/strong>Navette au d\u00e9part de l\u2019h\u00f4tel de ville vers le Pavillon des projets.<\/li><\/ul><p>\u00a0<\/p><p><strong>Pavillon des projets<\/strong><\/p><p>Vision ludique, interactive et num\u00e9rique de l\u2019op\u00e9ration d\u2019am\u00e9nagement de l\u2019\u00eele Seguin-Rives de Seine par des \u00eelots th\u00e9matiques, des maquettes et une fresque historique d\u00e9di\u00e9e \u00e0 la m\u00e9moire industrielle du site.<\/p><p>\u00c0 l\u2019occasion des visites guid\u00e9es, d\u00e9couvrez la nouvelle fresque r\u00e9alis\u00e9e par l\u2019artiste Helena Pallar\u00e8s sur la place Jules-Guesde et inspir\u00e9e, en grande partie, de l\u2019histoire des usines Renault.\u00a0<a class=\"link-external\" title=\"inscriptions ici (Nouvelle fen\u00eatre Lien externe)\" href=\"http:\/\/ileseguin-rivesdeseine.fr\/\" target=\"_blank\" rel=\"noreferrer noopener\">Inscriptions ici\u00a0<\/a><\/p><ul><li><strong>Samedi \u00e0 14h :\u00a0<\/strong>Visite guid\u00e9e du parcours \u00ab\u00a0Voyage en Industries\u00a0\u00bb avec AMETIS (Association de la ma\u00eetrise, de l\u2019encadrement et des techniciens de l\u2019\u00cele Seguin).<\/li><\/ul><ul><li><strong>Samedi \u00e0\u00a0<\/strong><strong>14h30 : <\/strong>Balade comment\u00e9e \u00ab\u00a0Patrimoine industriel et architecture contemporaine\u00a0\u00bb.<\/li><\/ul><ul><li><strong>Dimanche :\u00a0<\/strong>En lien avec l\u2019exposition \u00e0 l\u2019Espace Landowski, navette des voitures historiques aux horaires suivants :\u00a0<\/li><\/ul><p><strong>10h30 :\u00a0<\/strong>d\u00e9part de l\u2019Espace Landowski \/\u00a0<strong>12h30 :\u00a0<\/strong>d\u00e9part du Pavillon des projets.<\/p><ul><li><strong>Dimanche \u00e0 11h : <\/strong>Conf\u00e9rence \u00ab\u00a0Les c\u00e9l\u00e9brit\u00e9s de Renault-Billancourt : 4CV, Dauphine, 4L\u00a0\u00bb anim\u00e9e par les anciens ing\u00e9nieurs et techniciens de Renault-Billancourt, membres d\u2019AMETIS et de Renault Histoire.<\/li><\/ul><ul><li><strong>Dimanche \u00e0\u00a0<\/strong><strong>14h :<\/strong> Visite guid\u00e9e du parcours \u00ab\u00a0Voyage en Industries\u00a0\u00bb avec Jean-Pierre Rossi, ancien ouvrier et imprimeur chez Renault, membre de l\u2019Association des anciens travailleurs Renault de l\u2019\u00cele Seguin (ATRIS).<\/li><\/ul><ul><li><strong>Dimanche \u00e0 14h30 :\u00a0<\/strong>Visite guid\u00e9e du parcours \u00ab\u00a0Voyage en Industries\u00a0\u00bb avec Emmanuelle Dupuy, ancienne salari\u00e9e de Renault-Billancourt et co-fondatrice du \u00ab\u00a0groupe femmes\u00a0\u00bb.<\/li><\/ul><p>\u00a0<\/p><p><strong>\u00c9glise orthodoxe Saint-Nicolas-le-Thaumaturge<\/strong><\/p><ul><li><strong>Samedi de 14h \u00e0 17h :<\/strong> Visite libre (132 bis, rue du Point-du-Jour).<\/li><\/ul><p>\u00a0<\/p><p><strong>\u00c9glise Sainte-Th\u00e9r\u00e8se-de-l\u2019Enfant-J\u00e9sus<\/strong><\/p><ul><li><strong>Samedi et dimanche de 9h \u00e0 19h :<\/strong> Visite libre (62, rue de l\u2019Ancienne-Mairie).<\/li><li><strong>Dimanche \u00e0 15h :<\/strong> Visite guid\u00e9e.<\/li><\/ul><p>\u00a0<\/p><p><strong>Basilique Notre-Dame<\/strong><\/p><ul><li><strong>Dimanche \u00e0 14h :<\/strong> Visite comment\u00e9e.<\/li><li><strong>Dimanche \u00e0 15h :<\/strong> Concert orgue et chant par Juliette Grellety Bosviel et Jos\u00e9phine Riffier.<\/li><li><strong>Dimanche \u00e0 15h45 :<\/strong> Tous aux claviers ! D\u00e9couverte participative de l\u2019orgue.<\/li><\/ul><p>\u00a0<\/p><p><strong>Temple protestant (117, rue du Ch\u00e2teau)<\/strong><\/p><ul><li><strong>Samedi \u00e0 17h :<\/strong> Concert du ch\u0153ur de chambre Les Divertissements sous la direction d\u2019Olivier Plaisant, avec au programme des airs de P\u00e4rt, Durufl\u00e9, Poulenc, Purcell, Beffa, Gjeilo, Hindemith, Hahn et Saint-Sa\u00ebns.<\/li><\/ul><ul><li><strong>Dimanche \u00e0 10h30 :<\/strong> Culte ouvert \u00e0 tous sur le th\u00e8me du protestantisme.<\/li><\/ul><ul><li><strong>Dimanche \u00e0 17h :<\/strong> conf\u00e9rence sur le th\u00e8me \u00ab\u00a0La\u00efcit\u00e9 et paix sociale\u00a0\u00bb en lien avec les 120 ans de la loi de 1905 sur la s\u00e9paration des \u00c9glises et de l\u2019\u00c9tat, avec Catherine Bergeal, pr\u00e9sidente de la commission Droit et libert\u00e9 religieuse de la FPF (F\u00e9d\u00e9ration protestante de France) et pr\u00e9sidente de section honoraire du Conseil d\u2019\u00c9tat.<\/li><\/ul><p>\u00a0<\/p><p><strong>Synagogue (43, rue des Abondances)<\/strong><\/p><ul><li><strong>Dimanche \u00e0 11h30 :<\/strong> Visites comment\u00e9e. R\u00e9servation au 01 41 41 54 54 ou jep2025@otbb.org <strong>COMPLET<\/strong><\/li><\/ul><p>\u00a0<\/p><p><strong>Maison des familles Saint-Fran\u00e7ois-de-Sales (1, parvis Jean-Paul II)<\/strong><\/p><ul><li><strong>Samedi \u00e0 11h et 15h :<\/strong> Visite comment\u00e9e du lieu, de son architecture et de ses activit\u00e9s.<\/li><\/ul><p>\u00a0<\/p><p><strong>Cimeti\u00e8re Pierre-Grenier<\/strong><\/p><ul><li><strong>Samedi \u00e0 14h :<\/strong> Visite comment\u00e9e<\/li><\/ul><p>\u00a0<\/p><p><strong>Maison Walewska (7 rue de Montmorency)<\/strong><\/p><p>Inscrite \u00e0 l\u2019Inventaire des Monuments nationaux en 1986, cette demeure fut lou\u00e9e par Napol\u00e9on en 1811-1812 pour accueillir sa jeune ma\u00eetresse polonaise, la comtesse Marie Walewska.<\/p><ul><li><strong>Samedi \u00e0 11h30 et 15h :<\/strong> \u00ab\u00a0M\u00eame \u00e9poque, autre liaison\u00a0\u00bb, lecture th\u00e9\u00e2trale et musicale avec la Compagnie V\u00e9lo Vol\u00e9 Chaque si\u00e8cle a ses amants de l\u00e9gende : Passions amoureuses, \u00e9poux illustres, amours impossibles, couples mythiques. Madame de Sta\u00ebl et Benjamin Constant sont de ces esprits libres et exalt\u00e9s.<\/li><\/ul><ul><li><strong>Dimanche \u00e0 11h :<\/strong> Concert de la chorale Harmony Choeur.<\/li><li><strong>Dimanche \u00e0 11h30 et 15h :<\/strong> Visites comment\u00e9es. R\u00e9servation au 01 41 41 54 54 ou jep2025@otbb.org<\/li><li><strong>Dimanche \u00e0 14h30 :<\/strong> D\u00e9monstration de danses traditionnelles par le cercle celtique de Boulogne-Billancourt (Kornog War Raog)<\/li><\/ul><p>\u00a0<\/p><p><strong>R\u00e9sidence du Point-du-Jour de Fernand Pouillon<\/strong><\/p><p>Cet ensemble d\u2019immeubles porte le label de l\u2019Etat \u00ab\u00a0Architecture contemporaine remarquable\u00a0\u00bb.<\/p><ul><li><strong>Dimanche \u00e0 14h et 15h30 :<\/strong> Visites comment\u00e9es (rdv au 106-108, rue du Point-du-Jour).<\/li><\/ul><p>\u00a0<\/p><p><strong>Parcours architectural des Ann\u00e9es 30<\/strong><\/p><p>Ville des temps modernes, Boulogne-Billancourt fut un terrain d\u2019essai fertile pour cr\u00e9ateurs du d\u00e9but du XXe si\u00e8cle (Le Corbusier, Mallet-Stevens, Lur\u00e7at). Rdv 7, place Denfert-Rochereau.<\/p><ul><li><strong>Samedi 14h30 et 16h30 \/ Dimanche \u00e0 10h30, 14h30 et 16h30 :<\/strong> Visites comment\u00e9es<\/li><\/ul><p>\u00a0<\/p><p><strong>Quartier du Pont de S\u00e8vres<\/strong><\/p><ul><li><strong>Dimanche \u00e0 11h :<\/strong> Visite comment\u00e9e (m\u00e9tro 9 Pont de S\u00e8vres, sortie 3, devant Darty).<\/li><\/ul><p>\u00a0<\/p><p><strong>Le Corbusier \u00e0 Boulogne-Billancourt : 5 \u0153uvres majeures<\/strong><\/p><ul><li><strong>Samedi \u00e0 11h et 14h \/ Dimanche \u00e0 14h :<\/strong> Visites comment\u00e9es ext\u00e9rieures. Rdv devant l&rsquo;immeuble Molitor (23, rue de la Tourelle).<\/li><\/ul><p>\u00a0<\/p><p><strong>Aux origines de Boulogne-Billancourt<\/strong><\/p><ul><li><strong>Samedi \u00e0 11h :<\/strong> Visite comment\u00e9e. Rdv \u00e0 l\u2019angle des avenues Jean-Baptiste-Cl\u00e9ment et Charles-de-Gaulle (c\u00f4t\u00e9 \u00e9glise).<\/li><\/ul><p>\u00a0<\/p><p><strong>Architecture du Trap\u00e8ze<\/strong><\/p><ul><li><strong>Samedi \u00e0 10h<\/strong> : Visite comment\u00e9e (rdv au pied de la tour Horizons, cours de l\u2019\u00cele-Seguin).<\/li><\/ul><p>\u00a0<\/p><p><strong>Faites expertiser votre patrimoine !<\/strong><\/p><p>Une estimation confidentielle de vos objets, tableaux ou bijoux personnels aupr\u00e8s de la commissaire-priseur Gwenola Le Cloirec (Boulogne Ench\u00e8res).<\/p><ul><li><strong>Samedi de 10h \u00e0 12h30 et de 13h \u00e0 17h :<\/strong> Espace Landowski (Ateliers d\u2019arts plastiques)<\/li><\/ul><p>\u00a0<\/p><p><strong>Studio Frank Horvat<\/strong><\/p><p>A sa disparition en 2020, le grand photographe de mode, reporter et pionnier du num\u00e9rique a laiss\u00e9 plus d\u2019un demi-si\u00e8cle d\u2019archives dans son studio boulonnais (5, rue de l\u2019Ancienne-Mairie).<\/p><ul><li><strong>Samedi de 13h \u00e0 18h :<\/strong> Visite libre<\/li><li><strong>Samedi \u00e0 14h et 16h :<\/strong> Visite comment\u00e9e par sa fille, Fiammetta Horvat.<\/li><\/ul><p>\u00a0<\/p><p><strong>Ambassade de Mongolie<\/strong><\/p><p>Install\u00e9e \u00e0 Boulogne-Billancourt depuis 1972 (5, avenue Robert Schuman). L\u2019ann\u00e9e 2025 marque le 60e anniversaire des relations diplomatiques entre la France et la Mongolie, une occasion exceptionnelle pour d\u00e9couvrir la richesse culturelle de ce pays d\u2019Asie centrale.<\/p><p>Au programme : projection de vid\u00e9os immersives, exposition, pr\u00e9sentation d\u2019un timbre comm\u00e9moratif, d\u00e9couverte d\u2019une yourte traditionnelle mongole, d\u00e9gustation de produit locaux.<\/p><ul><li><strong>Samedi \u00e0 10h, 11h30, 15h et 17h :<\/strong> Visites comment\u00e9es. R\u00e9servation au 01 41 41 54 54 ou jep2025@otbb.org | <strong>COMPLET<\/strong><\/li><\/ul><p>\u00a0<\/p><p><strong>La Seine musicale<\/strong><\/p><p>Journ\u00e9e Portes ouvertes : visites guid\u00e9es, de coulisses, acc\u00e8s \u00e0 des r\u00e9p\u00e9titions, concerts Insula orchestra et Acad\u00e9mie Musicale Philippe Jaroussky, atelier d\u2019improvisation, d\u00e9monstrations d\u2019ateliers jeune public, animations dans le Jardin Bellini sur le toit, rencontres avec les programmateurs et d\u00e9couverte de la saison 2025-2026.<\/p><ul><li><strong>Dimanche de 10h \u00e0 18h :<\/strong> Acc\u00e8s libre et gratuit. Plus d&rsquo;informations sur <a href=\"https:\/\/www.laseinemusicale.com\/\">laseinemusicale.com<\/a><\/li><\/ul><p>\u00a0<\/p><p><strong>Association de g\u00e9ologie et min\u00e9ralogie Le Lut\u00e9tien<\/strong><\/p><ul><li><strong>Samedi et dimanche de 10h \u00e0 13h et de 14h \u00e0 18h :<\/strong> Visites libres ou accompagn\u00e9es de \u00ab\u00a0Min\u00e9raux et fossiles, tr\u00e9sors de la Terre. Salle mus\u00e9ale (30 rue de l&rsquo;Ancienne-Mairie, 2e \u00e9tage, salle 213).<\/li><\/ul><p>\u00a0<\/p><p><strong>JEUNE PUBLIC ET FAMILLES<\/strong><\/p><p><strong>H\u00f4tel de ville<\/strong><\/p><ul><li><strong>Dimanche \u00e0 14h30 :<\/strong> Visite en famille \u00e0 partir de 5 ans. <a href=\"https:\/\/www.boulognebillancourt.com\/information-transversale\/agenda\/journees-europeennes-du-patrimoine-2025-5190\">R\u00e9servation ici.<\/a><\/li><\/ul><p>\u00a0<\/p><p><strong>Museum of the 1930s<\/strong><\/p><ul><li><strong>Samedi \u00e0 16h :<\/strong> atelier cr\u00e9atif \u00ab\u00a0Dessine ta ville !\u00a0\u00bb.<\/li><\/ul><p>\u00c0 partir de 6 ans. <a href=\"https:\/\/www.boulognebillancourt.com\/information-transversale\/agenda\/journees-europeennes-du-patrimoine-2025-5190\">R\u00e9servation ici.<\/a><\/p><p>\u00a0<\/p><p><strong>Pavillon des projets<\/strong><\/p><ul><li><strong>Samedi et dimanche \u00e0 15h :<\/strong> atelier d\u2019art plastique : \u00ab\u00a0Voyage Graphique\u00a0\u00bbinspir\u00e9 de la fresque de l\u2019artiste Helena Pallar\u00e8s.<\/li><\/ul><p>\u00c0 partir de 8 ans. <a href=\"https:\/\/ileseguin-rivesdeseine.fr\/fr\">Inscription ici<\/a><\/p><p>\u00a0<\/p><p><strong>Mus\u00e9e et jardin Albert-Kahn<\/strong><\/p><p><span style=\"text-decoration: underline;\"><em>Il est recommand\u00e9 de r\u00e9server son billet d\u2019entr\u00e9e en ligne. Les inscriptions aux diff\u00e9rentes activit\u00e9s et visites se font sur place.<\/em><\/span><\/p><ul><li><strong>Samedi &amp; dimanche de 14h \u00e0 17h :<\/strong> Salon des familles. Lectures, jeux et mini-ateliers autour du patrimoine architectural \u00e0 partir des images des Archives de la Plan\u00e8te.<\/li><\/ul><p>\u00c0 partir de 4 ans.<\/p><p>\u00a0<\/p><p><strong>Association de g\u00e9ologie et min\u00e9ralogie le Lut\u00e9tien<\/strong><\/p><ul><li><strong>Samedi et dimanche de 10h 13h et de 14h \u00e0 17h45 (toutes les 30 mn) :<\/strong> Atelier \u00ab\u00a0D\u00e9couverte des dinosaures\u00a0\u00bb \u00e0 partir de 8 ans (30, rue de l&rsquo;Ancienne-Mairie, 2e \u00e9tage, salle 213).<\/li><\/ul>\t\t\t\t\t\t\t\t<\/div>\n\t\t\t\t<\/div>\n\t\t\t\t\t<\/div>\n\t\t<\/div>\n\t\t\t\t\t<\/div>\n\t\t<\/section>\n\t\t\t\t<section class=\"elementor-section elementor-top-section elementor-element elementor-element-662b1ed elementor-section-boxed elementor-section-height-default elementor-section-height-default\" data-id=\"662b1ed\" data-element_type=\"section\" data-e-type=\"section\">\n\t\t\t\t\t\t<div class=\"elementor-container elementor-column-gap-default\">\n\t\t\t\t\t<div class=\"elementor-column elementor-col-100 elementor-top-column elementor-element elementor-element-88b74c5\" data-id=\"88b74c5\" data-element_type=\"column\" data-e-type=\"column\">\n\t\t\t<div class=\"elementor-widget-wrap elementor-element-populated\">\n\t\t\t\t\t\t<div class=\"elementor-element elementor-element-0b2ebbc elementor-widget elementor-widget-spacer\" data-id=\"0b2ebbc\" data-element_type=\"widget\" data-e-type=\"widget\" data-widget_type=\"spacer.default\">\n\t\t\t\t<div class=\"elementor-widget-container\">\n\t\t\t\t\t\t\t<div class=\"elementor-spacer\">\n\t\t\t<div class=\"elementor-spacer-inner\"><\/div>\n\t\t<\/div>\n\t\t\t\t\t\t<\/div>\n\t\t\t\t<\/div>\n\t\t\t\t\t<\/div>\n\t\t<\/div>\n\t\t\t\t\t<\/div>\n\t\t<\/section>\n\t\t\t\t<section class=\"elementor-section elementor-top-section elementor-element elementor-element-f8bd53d elementor-section-stretched elementor-section-boxed elementor-section-height-default elementor-section-height-default\" data-id=\"f8bd53d\" data-element_type=\"section\" data-e-type=\"section\" data-settings=\"{&quot;stretch_section&quot;:&quot;section-stretched&quot;}\">\n\t\t\t\t\t\t<div class=\"elementor-container elementor-column-gap-default\">\n\t\t\t\t\t<div class=\"elementor-column elementor-col-100 elementor-top-column elementor-element elementor-element-8e94ea1\" data-id=\"8e94ea1\" data-element_type=\"column\" data-e-type=\"column\">\n\t\t\t<div class=\"elementor-widget-wrap elementor-element-populated\">\n\t\t\t\t\t\t<div class=\"elementor-element elementor-element-c5f1ccb elementor-widget elementor-widget-heading\" data-id=\"c5f1ccb\" data-element_type=\"widget\" data-e-type=\"widget\" data-widget_type=\"heading.default\">\n\t\t\t\t<div class=\"elementor-widget-container\">\n\t\t\t\t\t<h3 class=\"elementor-heading-title elementor-size-default\"> <\/h3>\t\t\t\t<\/div>\n\t\t\t\t<\/div>\n\t\t\t\t<div class=\"elementor-element elementor-element-4bb9f8d elementor-widget elementor-widget-html\" data-id=\"4bb9f8d\" data-element_type=\"widget\" data-e-type=\"widget\" data-widget_type=\"html.default\">\n\t\t\t\t<div class=\"elementor-widget-container\">\n\t\t\t\t\t<!--Partie css-->\r\n<style>\r\n    h5 {\r\n        color :##FFFFFF\r\n    }\r\n    .info {\r\n      margin-bottom: 0px;\r\n      padding: 4px 12px;\r\n      background-color: #1F4D69;\r\n      border-left: 6px solid #6590C6;\r\n      color: #ffffff;\r\n      text-align: left;\r\n    }\r\n    .info a {\r\n        text-decoration: underline;\r\n        color: #FFFFFF;\r\n    }\r\n\ta:hover{\r\n\t\tcolor: ##483434;\r\n\t\t\r\n\t}\r\n    <\/style>\r\n    <!--partie html-->\r\n    <body>\r\n    <div class=\"info\">\r\n    <h5>\r\n   Pour vous inscrire, r\u00e9f\u00e9rez-vous au programme (bouton ci-dessus), puis : \r\n    <\/h5>\r\n      <ul>\r\n                    <li>S'il n'y a aucune pr\u00e9cision = la visite\/animation ne n\u00e9cessite aucune inscription\r\n          <li> S'il est indiqu\u00e9 de s'inscrire via l'Office de Tourisme : <u><b>LES INSCRIPTIONS AUPRES DE L'OFFICE DE TOURISME SONT OBLIGATOIRES<\/u><\/b> <br> \r\n          <li>S'il est indiqu\u00e9 un autre mode d'inscription, suivez les instructions.\r\n         \r\n      <\/ul>\r\n    <\/div>\r\n    <\/body>\t\t\t\t<\/div>\n\t\t\t\t<\/div>\n\t\t\t\t\t<\/div>\n\t\t<\/div>\n\t\t\t\t\t<\/div>\n\t\t<\/section>\n\t\t\t\t<\/div>","protected":false},"excerpt":{"rendered":"<p>Premier \u00e9v\u00e9nement culturel de la rentr\u00e9e, les Journ\u00e9es europ\u00e9ennes du Patrimoine ouvrent en grand les portes de lieux et d\u2019\u00e9difices \u00e0 Boulogne-Billancourt, ville d\u2019Art et d\u2019Histoire.<\/p>","protected":false},"author":2,"featured_media":35051,"comment_status":"closed","ping_status":"closed","sticky":false,"template":"","format":"standard","meta":{"_acf_changed":false,"om_disable_all_campaigns":false,"_monsterinsights_skip_tracking":false,"_monsterinsights_sitenote_active":false,"_monsterinsights_sitenote_note":"","_monsterinsights_sitenote_category":0,"_uf_show_specific_survey":0,"_uf_disable_surveys":false,"_themeisle_gutenberg_block_has_review":false,"footnotes":""},"categories":[21,45,57,51,53,1],"tags":[],"class_list":["post-22939","post","type-post","status-publish","format-standard","has-post-thumbnail","hentry","category-architecture","category-art-deco","category-boulogne-billancourt","category-histoire","category-industrie","category-quartier","entry"],"acf":[],"yoast_head":"<!-- This site is optimized with the Yoast SEO plugin v27.5 - https:\/\/yoast.com\/product\/yoast-seo-wordpress\/ -->\n<title>Journ\u00e9es Europ\u00e9ennes du Patrimoine - OTBB<\/title>\n<meta name=\"description\" content=\"Pour leur 42e \u00e9dition, les Journ\u00e9es europ\u00e9ennes du patrimoine auront lieu les samedi 20 et dimanche 21 septembre 2025.\" \/>\n<meta name=\"robots\" content=\"index, follow, max-snippet:-1, max-image-preview:large, max-video-preview:-1\" \/>\n<link rel=\"canonical\" href=\"https:\/\/otbb.org\/en\/journees-europeenes-du-patrimoine\/\" \/>\n<meta property=\"og:locale\" content=\"en_GB\" \/>\n<meta property=\"og:type\" content=\"article\" \/>\n<meta property=\"og:title\" content=\"Journ\u00e9es Europ\u00e9ennes du Patrimoine - OTBB\" \/>\n<meta property=\"og:description\" content=\"Pour leur 42e \u00e9dition, les Journ\u00e9es europ\u00e9ennes du patrimoine auront lieu les samedi 20 et dimanche 21 septembre 2025.\" \/>\n<meta property=\"og:url\" content=\"https:\/\/otbb.org\/en\/journees-europeenes-du-patrimoine\/\" \/>\n<meta property=\"og:site_name\" content=\"OTBB\" \/>\n<meta property=\"article:publisher\" content=\"https:\/\/www.facebook.com\/OTBB92\/\" \/>\n<meta property=\"article:published_time\" content=\"2022-08-04T09:03:53+00:00\" \/>\n<meta property=\"article:modified_time\" content=\"2025-09-01T08:51:17+00:00\" \/>\n<meta property=\"og:image\" content=\"https:\/\/otbb.org\/wp-content\/uploads\/2022\/08\/csm_HDV_Interieur-AdB-093_c1991ffdf8.jpg\" \/>\n\t<meta property=\"og:image:width\" content=\"720\" \/>\n\t<meta property=\"og:image:height\" content=\"1080\" \/>\n\t<meta property=\"og:image:type\" content=\"image\/jpeg\" \/>\n<meta name=\"author\" content=\"Elise.Thiery\" \/>\n<meta name=\"twitter:card\" content=\"summary_large_image\" \/>\n<meta name=\"twitter:creator\" content=\"@OTBB92\" \/>\n<meta name=\"twitter:site\" content=\"@OTBB92\" \/>\n<meta name=\"twitter:label1\" content=\"Written by\" \/>\n\t<meta name=\"twitter:data1\" content=\"Elise.Thiery\" \/>\n\t<meta name=\"twitter:label2\" content=\"Estimated reading time\" \/>\n\t<meta name=\"twitter:data2\" content=\"4 minutes\" \/>\n<script type=\"application\/ld+json\" class=\"yoast-schema-graph\">{\"@context\":\"https:\\\/\\\/schema.org\",\"@graph\":[{\"@type\":\"Article\",\"@id\":\"https:\\\/\\\/otbb.org\\\/journees-europeenes-du-patrimoine\\\/#article\",\"isPartOf\":{\"@id\":\"https:\\\/\\\/otbb.org\\\/journees-europeenes-du-patrimoine\\\/\"},\"author\":{\"name\":\"Elise.Thiery\",\"@id\":\"https:\\\/\\\/otbb.org\\\/#\\\/schema\\\/person\\\/7bd48fa744ca660c1c036a86b7b7fcd8\"},\"headline\":\"Journ\u00e9es Europ\u00e9ennes du Patrimoine\",\"datePublished\":\"2022-08-04T09:03:53+00:00\",\"dateModified\":\"2025-09-01T08:51:17+00:00\",\"mainEntityOfPage\":{\"@id\":\"https:\\\/\\\/otbb.org\\\/journees-europeenes-du-patrimoine\\\/\"},\"wordCount\":2036,\"publisher\":{\"@id\":\"https:\\\/\\\/otbb.org\\\/#organization\"},\"image\":{\"@id\":\"https:\\\/\\\/otbb.org\\\/journees-europeenes-du-patrimoine\\\/#primaryimage\"},\"thumbnailUrl\":\"https:\\\/\\\/otbb.org\\\/wp-content\\\/uploads\\\/2022\\\/08\\\/csm_HDV_Interieur-AdB-093_c1991ffdf8.jpg\",\"articleSection\":[\"Architecture\",\"Art-D\u00e9co\",\"Boulogne-Billancourt aujourd\u2019hui\",\"Histoire\",\"Industrie\",\"Quartier\"],\"inLanguage\":\"en-GB\"},{\"@type\":\"WebPage\",\"@id\":\"https:\\\/\\\/otbb.org\\\/journees-europeenes-du-patrimoine\\\/\",\"url\":\"https:\\\/\\\/otbb.org\\\/journees-europeenes-du-patrimoine\\\/\",\"name\":\"Journ\u00e9es Europ\u00e9ennes du Patrimoine - OTBB\",\"isPartOf\":{\"@id\":\"https:\\\/\\\/otbb.org\\\/#website\"},\"primaryImageOfPage\":{\"@id\":\"https:\\\/\\\/otbb.org\\\/journees-europeenes-du-patrimoine\\\/#primaryimage\"},\"image\":{\"@id\":\"https:\\\/\\\/otbb.org\\\/journees-europeenes-du-patrimoine\\\/#primaryimage\"},\"thumbnailUrl\":\"https:\\\/\\\/otbb.org\\\/wp-content\\\/uploads\\\/2022\\\/08\\\/csm_HDV_Interieur-AdB-093_c1991ffdf8.jpg\",\"datePublished\":\"2022-08-04T09:03:53+00:00\",\"dateModified\":\"2025-09-01T08:51:17+00:00\",\"description\":\"Pour leur 42e \u00e9dition, les Journ\u00e9es europ\u00e9ennes du patrimoine auront lieu les samedi 20 et dimanche 21 septembre 2025.\",\"breadcrumb\":{\"@id\":\"https:\\\/\\\/otbb.org\\\/journees-europeenes-du-patrimoine\\\/#breadcrumb\"},\"inLanguage\":\"en-GB\",\"potentialAction\":[{\"@type\":\"ReadAction\",\"target\":[\"https:\\\/\\\/otbb.org\\\/journees-europeenes-du-patrimoine\\\/\"]}]},{\"@type\":\"ImageObject\",\"inLanguage\":\"en-GB\",\"@id\":\"https:\\\/\\\/otbb.org\\\/journees-europeenes-du-patrimoine\\\/#primaryimage\",\"url\":\"https:\\\/\\\/otbb.org\\\/wp-content\\\/uploads\\\/2022\\\/08\\\/csm_HDV_Interieur-AdB-093_c1991ffdf8.jpg\",\"contentUrl\":\"https:\\\/\\\/otbb.org\\\/wp-content\\\/uploads\\\/2022\\\/08\\\/csm_HDV_Interieur-AdB-093_c1991ffdf8.jpg\",\"width\":720,\"height\":1080},{\"@type\":\"BreadcrumbList\",\"@id\":\"https:\\\/\\\/otbb.org\\\/journees-europeenes-du-patrimoine\\\/#breadcrumb\",\"itemListElement\":[{\"@type\":\"ListItem\",\"position\":1,\"name\":\"Accueil\",\"item\":\"https:\\\/\\\/otbb.org\\\/\"},{\"@type\":\"ListItem\",\"position\":2,\"name\":\"Journ\u00e9es Europ\u00e9ennes du Patrimoine\"}]},{\"@type\":\"WebSite\",\"@id\":\"https:\\\/\\\/otbb.org\\\/#website\",\"url\":\"https:\\\/\\\/otbb.org\\\/\",\"name\":\"OTBB\",\"description\":\"Bienvenue sur le site de l\u2019office du tourisme de Boulogne Billancourt\",\"publisher\":{\"@id\":\"https:\\\/\\\/otbb.org\\\/#organization\"},\"potentialAction\":[{\"@type\":\"SearchAction\",\"target\":{\"@type\":\"EntryPoint\",\"urlTemplate\":\"https:\\\/\\\/otbb.org\\\/?s={search_term_string}\"},\"query-input\":{\"@type\":\"PropertyValueSpecification\",\"valueRequired\":true,\"valueName\":\"search_term_string\"}}],\"inLanguage\":\"en-GB\"},{\"@type\":\"Organization\",\"@id\":\"https:\\\/\\\/otbb.org\\\/#organization\",\"name\":\"OTBB\",\"url\":\"https:\\\/\\\/otbb.org\\\/\",\"logo\":{\"@type\":\"ImageObject\",\"inLanguage\":\"en-GB\",\"@id\":\"https:\\\/\\\/otbb.org\\\/#\\\/schema\\\/logo\\\/image\\\/\",\"url\":\"https:\\\/\\\/otbb.org\\\/wp-content\\\/uploads\\\/2024\\\/04\\\/cropped-logo_OTBB_horiz_QUADRI.webp\",\"contentUrl\":\"https:\\\/\\\/otbb.org\\\/wp-content\\\/uploads\\\/2024\\\/04\\\/cropped-logo_OTBB_horiz_QUADRI.webp\",\"width\":1035,\"height\":345,\"caption\":\"OTBB\"},\"image\":{\"@id\":\"https:\\\/\\\/otbb.org\\\/#\\\/schema\\\/logo\\\/image\\\/\"},\"sameAs\":[\"https:\\\/\\\/www.facebook.com\\\/OTBB92\\\/\",\"https:\\\/\\\/x.com\\\/OTBB92\",\"https:\\\/\\\/www.instagram.com\\\/otbb92\\\/\"]},{\"@type\":\"Person\",\"@id\":\"https:\\\/\\\/otbb.org\\\/#\\\/schema\\\/person\\\/7bd48fa744ca660c1c036a86b7b7fcd8\",\"name\":\"Elise.Thiery\",\"image\":{\"@type\":\"ImageObject\",\"inLanguage\":\"en-GB\",\"@id\":\"https:\\\/\\\/secure.gravatar.com\\\/avatar\\\/820180b05367092ccbbebc40329539e2a14e4fe6e84c8b0433ead95a4173b22b?s=96&d=mm&r=g\",\"url\":\"https:\\\/\\\/secure.gravatar.com\\\/avatar\\\/820180b05367092ccbbebc40329539e2a14e4fe6e84c8b0433ead95a4173b22b?s=96&d=mm&r=g\",\"contentUrl\":\"https:\\\/\\\/secure.gravatar.com\\\/avatar\\\/820180b05367092ccbbebc40329539e2a14e4fe6e84c8b0433ead95a4173b22b?s=96&d=mm&r=g\",\"caption\":\"Elise.Thiery\"},\"sameAs\":[\"https:\\\/\\\/otbb.org\\\/\"],\"url\":\"https:\\\/\\\/otbb.org\\\/en\\\/author\\\/elise-thiery\\\/\"}]}<\/script>\n<!-- \/ Yoast SEO plugin. -->","yoast_head_json":{"title":"Journ\u00e9es Europ\u00e9ennes du Patrimoine - OTBB","description":"Pour leur 42e \u00e9dition, les Journ\u00e9es europ\u00e9ennes du patrimoine auront lieu les samedi 20 et dimanche 21 septembre 2025.","robots":{"index":"index","follow":"follow","max-snippet":"max-snippet:-1","max-image-preview":"max-image-preview:large","max-video-preview":"max-video-preview:-1"},"canonical":"https:\/\/otbb.org\/en\/journees-europeenes-du-patrimoine\/","og_locale":"en_GB","og_type":"article","og_title":"Journ\u00e9es Europ\u00e9ennes du Patrimoine - OTBB","og_description":"Pour leur 42e \u00e9dition, les Journ\u00e9es europ\u00e9ennes du patrimoine auront lieu les samedi 20 et dimanche 21 septembre 2025.","og_url":"https:\/\/otbb.org\/en\/journees-europeenes-du-patrimoine\/","og_site_name":"OTBB","article_publisher":"https:\/\/www.facebook.com\/OTBB92\/","article_published_time":"2022-08-04T09:03:53+00:00","article_modified_time":"2025-09-01T08:51:17+00:00","og_image":[{"width":720,"height":1080,"url":"https:\/\/otbb.org\/wp-content\/uploads\/2022\/08\/csm_HDV_Interieur-AdB-093_c1991ffdf8.jpg","type":"image\/jpeg"}],"author":"Elise.Thiery","twitter_card":"summary_large_image","twitter_creator":"@OTBB92","twitter_site":"@OTBB92","twitter_misc":{"Written by":"Elise.Thiery","Estimated reading time":"4 minutes"},"schema":{"@context":"https:\/\/schema.org","@graph":[{"@type":"Article","@id":"https:\/\/otbb.org\/journees-europeenes-du-patrimoine\/#article","isPartOf":{"@id":"https:\/\/otbb.org\/journees-europeenes-du-patrimoine\/"},"author":{"name":"Elise.Thiery","@id":"https:\/\/otbb.org\/#\/schema\/person\/7bd48fa744ca660c1c036a86b7b7fcd8"},"headline":"Journ\u00e9es Europ\u00e9ennes du Patrimoine","datePublished":"2022-08-04T09:03:53+00:00","dateModified":"2025-09-01T08:51:17+00:00","mainEntityOfPage":{"@id":"https:\/\/otbb.org\/journees-europeenes-du-patrimoine\/"},"wordCount":2036,"publisher":{"@id":"https:\/\/otbb.org\/#organization"},"image":{"@id":"https:\/\/otbb.org\/journees-europeenes-du-patrimoine\/#primaryimage"},"thumbnailUrl":"https:\/\/otbb.org\/wp-content\/uploads\/2022\/08\/csm_HDV_Interieur-AdB-093_c1991ffdf8.jpg","articleSection":["Architecture","Art-D\u00e9co","Boulogne-Billancourt aujourd\u2019hui","Histoire","Industrie","Quartier"],"inLanguage":"en-GB"},{"@type":"WebPage","@id":"https:\/\/otbb.org\/journees-europeenes-du-patrimoine\/","url":"https:\/\/otbb.org\/journees-europeenes-du-patrimoine\/","name":"Journ\u00e9es Europ\u00e9ennes du Patrimoine - OTBB","isPartOf":{"@id":"https:\/\/otbb.org\/#website"},"primaryImageOfPage":{"@id":"https:\/\/otbb.org\/journees-europeenes-du-patrimoine\/#primaryimage"},"image":{"@id":"https:\/\/otbb.org\/journees-europeenes-du-patrimoine\/#primaryimage"},"thumbnailUrl":"https:\/\/otbb.org\/wp-content\/uploads\/2022\/08\/csm_HDV_Interieur-AdB-093_c1991ffdf8.jpg","datePublished":"2022-08-04T09:03:53+00:00","dateModified":"2025-09-01T08:51:17+00:00","description":"Pour leur 42e \u00e9dition, les Journ\u00e9es europ\u00e9ennes du patrimoine auront lieu les samedi 20 et dimanche 21 septembre 2025.","breadcrumb":{"@id":"https:\/\/otbb.org\/journees-europeenes-du-patrimoine\/#breadcrumb"},"inLanguage":"en-GB","potentialAction":[{"@type":"ReadAction","target":["https:\/\/otbb.org\/journees-europeenes-du-patrimoine\/"]}]},{"@type":"ImageObject","inLanguage":"en-GB","@id":"https:\/\/otbb.org\/journees-europeenes-du-patrimoine\/#primaryimage","url":"https:\/\/otbb.org\/wp-content\/uploads\/2022\/08\/csm_HDV_Interieur-AdB-093_c1991ffdf8.jpg","contentUrl":"https:\/\/otbb.org\/wp-content\/uploads\/2022\/08\/csm_HDV_Interieur-AdB-093_c1991ffdf8.jpg","width":720,"height":1080},{"@type":"BreadcrumbList","@id":"https:\/\/otbb.org\/journees-europeenes-du-patrimoine\/#breadcrumb","itemListElement":[{"@type":"ListItem","position":1,"name":"Accueil","item":"https:\/\/otbb.org\/"},{"@type":"ListItem","position":2,"name":"Journ\u00e9es Europ\u00e9ennes du Patrimoine"}]},{"@type":"WebSite","@id":"https:\/\/otbb.org\/#website","url":"https:\/\/otbb.org\/","name":"OTBB","description":"Bienvenue sur le site de l\u2019office du tourisme de Boulogne Billancourt","publisher":{"@id":"https:\/\/otbb.org\/#organization"},"potentialAction":[{"@type":"SearchAction","target":{"@type":"EntryPoint","urlTemplate":"https:\/\/otbb.org\/?s={search_term_string}"},"query-input":{"@type":"PropertyValueSpecification","valueRequired":true,"valueName":"search_term_string"}}],"inLanguage":"en-GB"},{"@type":"Organization","@id":"https:\/\/otbb.org\/#organization","name":"OTBB","url":"https:\/\/otbb.org\/","logo":{"@type":"ImageObject","inLanguage":"en-GB","@id":"https:\/\/otbb.org\/#\/schema\/logo\/image\/","url":"https:\/\/otbb.org\/wp-content\/uploads\/2024\/04\/cropped-logo_OTBB_horiz_QUADRI.webp","contentUrl":"https:\/\/otbb.org\/wp-content\/uploads\/2024\/04\/cropped-logo_OTBB_horiz_QUADRI.webp","width":1035,"height":345,"caption":"OTBB"},"image":{"@id":"https:\/\/otbb.org\/#\/schema\/logo\/image\/"},"sameAs":["https:\/\/www.facebook.com\/OTBB92\/","https:\/\/x.com\/OTBB92","https:\/\/www.instagram.com\/otbb92\/"]},{"@type":"Person","@id":"https:\/\/otbb.org\/#\/schema\/person\/7bd48fa744ca660c1c036a86b7b7fcd8","name":"Elise.Thiery","image":{"@type":"ImageObject","inLanguage":"en-GB","@id":"https:\/\/secure.gravatar.com\/avatar\/820180b05367092ccbbebc40329539e2a14e4fe6e84c8b0433ead95a4173b22b?s=96&d=mm&r=g","url":"https:\/\/secure.gravatar.com\/avatar\/820180b05367092ccbbebc40329539e2a14e4fe6e84c8b0433ead95a4173b22b?s=96&d=mm&r=g","contentUrl":"https:\/\/secure.gravatar.com\/avatar\/820180b05367092ccbbebc40329539e2a14e4fe6e84c8b0433ead95a4173b22b?s=96&d=mm&r=g","caption":"Elise.Thiery"},"sameAs":["https:\/\/otbb.org\/"],"url":"https:\/\/otbb.org\/en\/author\/elise-thiery\/"}]}},"_links":{"self":[{"href":"https:\/\/otbb.org\/en\/wp-json\/wp\/v2\/posts\/22939","targetHints":{"allow":["GET"]}}],"collection":[{"href":"https:\/\/otbb.org\/en\/wp-json\/wp\/v2\/posts"}],"about":[{"href":"https:\/\/otbb.org\/en\/wp-json\/wp\/v2\/types\/post"}],"author":[{"embeddable":true,"href":"https:\/\/otbb.org\/en\/wp-json\/wp\/v2\/users\/2"}],"replies":[{"embeddable":true,"href":"https:\/\/otbb.org\/en\/wp-json\/wp\/v2\/comments?post=22939"}],"version-history":[{"count":144,"href":"https:\/\/otbb.org\/en\/wp-json\/wp\/v2\/posts\/22939\/revisions"}],"predecessor-version":[{"id":40574,"href":"https:\/\/otbb.org\/en\/wp-json\/wp\/v2\/posts\/22939\/revisions\/40574"}],"wp:featuredmedia":[{"embeddable":true,"href":"https:\/\/otbb.org\/en\/wp-json\/wp\/v2\/media\/35051"}],"wp:attachment":[{"href":"https:\/\/otbb.org\/en\/wp-json\/wp\/v2\/media?parent=22939"}],"wp:term":[{"taxonomy":"category","embeddable":true,"href":"https:\/\/otbb.org\/en\/wp-json\/wp\/v2\/categories?post=22939"},{"taxonomy":"post_tag","embeddable":true,"href":"https:\/\/otbb.org\/en\/wp-json\/wp\/v2\/tags?post=22939"}],"curies":[{"name":"wp","href":"https:\/\/api.w.org\/{rel}","templated":true}]}}