{"id":35006,"date":"2024-07-08T14:13:24","date_gmt":"2024-07-08T14:13:24","guid":{"rendered":"https:\/\/otbb.org\/?p=35006"},"modified":"2026-08-31T15:53:09","modified_gmt":"2026-08-31T15:53:09","slug":"activite-a-boulogne-billancourt-le-retour-de-la-navette-fluviale","status":"publish","type":"post","link":"https:\/\/otbb.org\/en\/activite-a-boulogne-billancourt-le-retour-de-la-navette-fluviale\/","title":{"rendered":"Navette fluviale \u00e9lectro solaire est de retour"},"content":{"rendered":"<div data-elementor-type=\"wp-post\" data-elementor-id=\"35006\" class=\"elementor elementor-35006\" data-elementor-post-type=\"post\">\n\t\t\t\t\t\t<section class=\"elementor-section elementor-top-section elementor-element elementor-element-bc9f4ad elementor-section-stretched elementor-section-boxed elementor-section-height-default elementor-section-height-default\" data-id=\"bc9f4ad\" data-element_type=\"section\" data-e-type=\"section\" data-settings=\"{&quot;stretch_section&quot;:&quot;section-stretched&quot;,&quot;background_background&quot;:&quot;classic&quot;}\">\n\t\t\t\t\t\t<div class=\"elementor-container elementor-column-gap-default\">\n\t\t\t\t\t<div class=\"elementor-column elementor-col-100 elementor-top-column elementor-element elementor-element-8205bbc\" data-id=\"8205bbc\" data-element_type=\"column\" data-e-type=\"column\">\n\t\t\t<div class=\"elementor-widget-wrap elementor-element-populated\">\n\t\t\t\t\t\t<div class=\"elementor-element elementor-element-f0a09ea elementor-widget elementor-widget-spacer\" data-id=\"f0a09ea\" data-element_type=\"widget\" data-e-type=\"widget\" data-widget_type=\"spacer.default\">\n\t\t\t\t<div class=\"elementor-widget-container\">\n\t\t\t\t\t\t\t<div class=\"elementor-spacer\">\n\t\t\t<div class=\"elementor-spacer-inner\"><\/div>\n\t\t<\/div>\n\t\t\t\t\t\t<\/div>\n\t\t\t\t<\/div>\n\t\t\t\t<div class=\"elementor-element elementor-element-b5cff51 elementor-widget__width-initial elementor-widget elementor-widget-heading\" data-id=\"b5cff51\" data-element_type=\"widget\" data-e-type=\"widget\" data-widget_type=\"heading.default\">\n\t\t\t\t<div class=\"elementor-widget-container\">\n\t\t\t\t\t<h1 class=\"elementor-heading-title elementor-size-default\">Navette fluviale<br>in Boulogne-Billancourt<\/h1>\t\t\t\t<\/div>\n\t\t\t\t<\/div>\n\t\t\t\t<div class=\"elementor-element elementor-element-99522cb elementor-widget elementor-widget-spacer\" data-id=\"99522cb\" data-element_type=\"widget\" data-e-type=\"widget\" data-widget_type=\"spacer.default\">\n\t\t\t\t<div class=\"elementor-widget-container\">\n\t\t\t\t\t\t\t<div class=\"elementor-spacer\">\n\t\t\t<div class=\"elementor-spacer-inner\"><\/div>\n\t\t<\/div>\n\t\t\t\t\t\t<\/div>\n\t\t\t\t<\/div>\n\t\t\t\t\t<\/div>\n\t\t<\/div>\n\t\t\t\t\t<\/div>\n\t\t<\/section>\n\t\t\t\t<section class=\"elementor-section elementor-top-section elementor-element elementor-element-b354693 elementor-section-boxed elementor-section-height-default elementor-section-height-default\" data-id=\"b354693\" data-element_type=\"section\" data-e-type=\"section\">\n\t\t\t\t\t\t<div class=\"elementor-container elementor-column-gap-default\">\n\t\t\t\t\t<div class=\"elementor-column elementor-col-100 elementor-top-column elementor-element elementor-element-f260cad\" data-id=\"f260cad\" data-element_type=\"column\" data-e-type=\"column\">\n\t\t\t<div class=\"elementor-widget-wrap elementor-element-populated\">\n\t\t\t\t\t\t<div class=\"elementor-element elementor-element-182a62b elementor-widget elementor-widget-spacer\" data-id=\"182a62b\" data-element_type=\"widget\" data-e-type=\"widget\" data-widget_type=\"spacer.default\">\n\t\t\t\t<div class=\"elementor-widget-container\">\n\t\t\t\t\t\t\t<div class=\"elementor-spacer\">\n\t\t\t<div class=\"elementor-spacer-inner\"><\/div>\n\t\t<\/div>\n\t\t\t\t\t\t<\/div>\n\t\t\t\t<\/div>\n\t\t\t\t\t<\/div>\n\t\t<\/div>\n\t\t\t\t\t<\/div>\n\t\t<\/section>\n\t\t\t\t<section class=\"elementor-section elementor-top-section elementor-element elementor-element-7ad666e elementor-section-stretched elementor-section-boxed elementor-section-height-default elementor-section-height-default\" data-id=\"7ad666e\" data-element_type=\"section\" data-e-type=\"section\" data-settings=\"{&quot;stretch_section&quot;:&quot;section-stretched&quot;}\">\n\t\t\t\t\t\t<div class=\"elementor-container elementor-column-gap-default\">\n\t\t\t\t\t<div class=\"elementor-column elementor-col-100 elementor-top-column elementor-element elementor-element-5d53bc9\" data-id=\"5d53bc9\" data-element_type=\"column\" data-e-type=\"column\">\n\t\t\t<div class=\"elementor-widget-wrap elementor-element-populated\">\n\t\t\t\t\t\t<div class=\"elementor-element elementor-element-4e340c8 elementor-widget elementor-widget-text-editor\" data-id=\"4e340c8\" data-element_type=\"widget\" data-e-type=\"widget\" data-widget_type=\"text-editor.default\">\n\t\t\t\t<div class=\"elementor-widget-container\">\n\t\t\t\t\t\t\t\t\t<p>Une d\u00e9couverte du territoire en bateau \u00e9lectro-solaire avec intervention sur le cycle de l\u2019eau.<\/p><p><strong>La navette reprend du service pour le grand public \u00e0 la fin du mois d&rsquo;ao\u00fbt 2026<\/strong><\/p><p><strong>\u00a0tous les week-end jusqu&rsquo;\u00e0 la fin du mois de septembre.<\/strong><\/p>\t\t\t\t\t\t\t\t<\/div>\n\t\t\t\t<\/div>\n\t\t\t\t\t<\/div>\n\t\t<\/div>\n\t\t\t\t\t<\/div>\n\t\t<\/section>\n\t\t\t\t<section class=\"elementor-section elementor-top-section elementor-element elementor-element-bea9372 elementor-section-stretched elementor-section-boxed elementor-section-height-default elementor-section-height-default\" data-id=\"bea9372\" data-element_type=\"section\" data-e-type=\"section\" data-settings=\"{&quot;stretch_section&quot;:&quot;section-stretched&quot;}\">\n\t\t\t\t\t\t<div class=\"elementor-container elementor-column-gap-default\">\n\t\t\t\t\t<div class=\"elementor-column elementor-col-100 elementor-top-column elementor-element elementor-element-ba1964c\" data-id=\"ba1964c\" data-element_type=\"column\" data-e-type=\"column\">\n\t\t\t<div class=\"elementor-widget-wrap elementor-element-populated\">\n\t\t\t\t\t\t\t<\/div>\n\t\t<\/div>\n\t\t\t\t\t<\/div>\n\t\t<\/section>\n\t\t\t\t<section class=\"elementor-section elementor-top-section elementor-element elementor-element-882f95a elementor-section-stretched elementor-section-boxed elementor-section-height-default elementor-section-height-default\" data-id=\"882f95a\" data-element_type=\"section\" data-e-type=\"section\" data-settings=\"{&quot;stretch_section&quot;:&quot;section-stretched&quot;}\">\n\t\t\t\t\t\t<div class=\"elementor-container elementor-column-gap-default\">\n\t\t\t\t\t<div class=\"elementor-column elementor-col-100 elementor-top-column elementor-element elementor-element-58b7fe4\" data-id=\"58b7fe4\" data-element_type=\"column\" data-e-type=\"column\">\n\t\t\t<div class=\"elementor-widget-wrap elementor-element-populated\">\n\t\t\t\t\t\t<div class=\"elementor-element elementor-element-af1c084 elementor-widget elementor-widget-image\" data-id=\"af1c084\" data-element_type=\"widget\" data-e-type=\"widget\" data-widget_type=\"image.default\">\n\t\t\t\t<div class=\"elementor-widget-container\">\n\t\t\t\t\t\t\t\t\t\t\t\t\t\t\t<img fetchpriority=\"high\" decoding=\"async\" width=\"600\" height=\"300\" src=\"https:\/\/otbb.org\/wp-content\/uploads\/2024\/07\/bigDesign_sans_titre__90_.png\" class=\"attachment-large size-large wp-image-35008\" alt=\"\" srcset=\"https:\/\/otbb.org\/wp-content\/uploads\/2024\/07\/bigDesign_sans_titre__90_.png 600w, https:\/\/otbb.org\/wp-content\/uploads\/2024\/07\/bigDesign_sans_titre__90_-300x150.png 300w, https:\/\/otbb.org\/wp-content\/uploads\/2024\/07\/bigDesign_sans_titre__90_-18x9.png 18w\" sizes=\"(max-width: 600px) 100vw, 600px\" style=\"width:100%;height:50%;max-width:600px\" \/>\t\t\t\t\t\t\t\t\t\t\t\t\t\t\t<\/div>\n\t\t\t\t<\/div>\n\t\t\t\t\t<\/div>\n\t\t<\/div>\n\t\t\t\t\t<\/div>\n\t\t<\/section>\n\t\t\t\t<section class=\"elementor-section elementor-top-section elementor-element elementor-element-f843dea elementor-section-boxed elementor-section-height-default elementor-section-height-default\" data-id=\"f843dea\" data-element_type=\"section\" data-e-type=\"section\">\n\t\t\t\t\t\t<div class=\"elementor-container elementor-column-gap-default\">\n\t\t\t\t\t<div class=\"elementor-column elementor-col-100 elementor-top-column elementor-element elementor-element-c22ab9c\" data-id=\"c22ab9c\" data-element_type=\"column\" data-e-type=\"column\">\n\t\t\t<div class=\"elementor-widget-wrap elementor-element-populated\">\n\t\t\t\t\t\t<div class=\"elementor-element elementor-element-f6a1359 elementor-widget elementor-widget-spacer\" data-id=\"f6a1359\" data-element_type=\"widget\" data-e-type=\"widget\" data-widget_type=\"spacer.default\">\n\t\t\t\t<div class=\"elementor-widget-container\">\n\t\t\t\t\t\t\t<div class=\"elementor-spacer\">\n\t\t\t<div class=\"elementor-spacer-inner\"><\/div>\n\t\t<\/div>\n\t\t\t\t\t\t<\/div>\n\t\t\t\t<\/div>\n\t\t\t\t\t<\/div>\n\t\t<\/div>\n\t\t\t\t\t<\/div>\n\t\t<\/section>\n\t\t\t\t<section class=\"elementor-section elementor-top-section elementor-element elementor-element-8843bb3 elementor-section-stretched elementor-section-boxed elementor-section-height-default elementor-section-height-default\" data-id=\"8843bb3\" data-element_type=\"section\" data-e-type=\"section\" data-settings=\"{&quot;stretch_section&quot;:&quot;section-stretched&quot;}\">\n\t\t\t\t\t\t<div class=\"elementor-container elementor-column-gap-default\">\n\t\t\t\t\t<div class=\"elementor-column elementor-col-100 elementor-top-column elementor-element elementor-element-849c8a3\" data-id=\"849c8a3\" data-element_type=\"column\" data-e-type=\"column\">\n\t\t\t<div class=\"elementor-widget-wrap elementor-element-populated\">\n\t\t\t\t\t\t<div class=\"elementor-element elementor-element-fdeb15e elementor-widget elementor-widget-text-editor\" data-id=\"fdeb15e\" data-element_type=\"widget\" data-e-type=\"widget\" data-widget_type=\"text-editor.default\">\n\t\t\t\t<div class=\"elementor-widget-container\">\n\t\t\t\t\t\t\t\t\t<p>Le D\u00e9partement des Hauts-de-Seine relance son service de navette fluviale pour relier trois escales d\u2019int\u00e9r\u00eat touristique et patrimonial, avec des sites \u00e0 proximit\u00e9 facilement accessibles \u00e0 pied.<\/p><p>Engag\u00e9 dans une politique de d\u00e9veloppement durable, le D\u00e9partement privil\u00e9gie la mobilit\u00e9 douce avec un catamaran d\u2019une capacit\u00e9 de 50 passagers, fonctionnant \u00e0 l\u2019\u00e9nergie \u00e9lectro-solaire.<\/p><p>Le bateau op\u00e8rera 4 rotations par jour, chaque week-end, du 29 ao\u00fbt au 27 septembre. Cette initiative incite \u00e0 la d\u00e9couverte du territoire tout en proposant un mode de transport non polluant.<\/p><p>\u00a0<\/p><p><strong>NOUVEAU !<\/strong><\/p><p class=\"p_gris\">Sur pr\u00e9sentation de votre billet,<strong>\u00a0des tarifs pr\u00e9f\u00e9rentiels sont propos\u00e9s pendant tout le mois de septembre 2026<\/strong>\u00a0aupr\u00e8s des sites partenaires de l&rsquo;op\u00e9ration :\u00a0<\/p><ul><li><p><strong><a href=\"http:\/\/destination.hauts-de-seine.fr\/boulogne-billancourt-tourisme-92.html\">Office de tourisme de Boulogne-Billancourt<\/a>\u00a0<\/strong>:\u00a0<strong>Le tarif r\u00e9duit est appliqu\u00e9 sur les visites guid\u00e9es propos\u00e9es dans la brochure.<\/strong> Sur pr\u00e9sentation de votre billet, b\u00e9n\u00e9ficiez d&rsquo;un tarif adh\u00e9rent sur une visite guid\u00e9e de votre choix.<\/p><\/li><li><p><strong><a href=\"http:\/\/destination.hauts-de-seine.fr\/musee-jardins-albert-kahn-boulogne.html\" target=\"_blank\" rel=\"noopener\">Mus\u00e9e d\u00e9partemental Albert-Kahn<\/a>\u00a0\u2013 Boulogne-Billancourt<\/strong>\u00a0:\u00a0<strong>Le tarif r\u00e9duit est appliqu\u00e9 sur le billet d\u2019entr\u00e9e.<\/strong>\u00a0Celui-ci comprend l\u2019acc\u00e8s aux collections permanentes, aux expositions temporaires et au jardin. Le tarif r\u00e9duit est applicable uniquement pour les achats effectu\u00e9s sur place, au mus\u00e9e.<\/p><\/li><li><p><strong><a href=\"http:\/\/destination.hauts-de-seine.fr\/tour-aux-figures-issy-les-moulineaux.html\" target=\"_blank\" rel=\"noopener\">La\u00a0<em>Tour aux figures<\/em>\u00a0de Jean Dubuffet<\/a>\u00a0\u2013 Issy-les-Moulineaux<\/strong>\u00a0:\u00a0<strong>Le tarif r\u00e9duit est appliqu\u00e9 sur la visite guid\u00e9e.<\/strong>\u00a0Pour des raisons de s\u00e9curit\u00e9 et de pr\u00e9servation de l\u2019\u0153uvre, l\u2019int\u00e9rieur de\u00a0<strong>la\u00a0<em>Tour aux figures<\/em>\u00a0se visite uniquement accompagn\u00e9 d\u2019un guide<\/strong>. Les visites sont exclusivement propos\u00e9es sur r\u00e9servation et les billets sont disponibles uniquement en ligne. Pour b\u00e9n\u00e9ficier du tarif pr\u00e9f\u00e9rentiel, s\u00e9lectionnez le \u00ab tarif r\u00e9duit \u00bb lors de votre r\u00e9servation. Aucune vente de billets n\u2019est effectu\u00e9e sur place.<\/p><\/li><li><p><strong><a href=\"http:\/\/destination.hauts-de-seine.fr\/issy-tourisme-international-92.html\">Office de tourisme d&rsquo;Issy-les-Moulineaux<\/a>\u00a0<\/strong>:\u00a0<strong>Le tarif r\u00e9duit est appliqu\u00e9 sur les visites guid\u00e9es propos\u00e9es dans la brochure.\u00a0<\/strong>Pour b\u00e9n\u00e9ficier du tarif pr\u00e9f\u00e9rentiel, s\u00e9lectionnez le tarif \u00ab ADHESION 1\/2 TARIF ISSEEN 2026 \u00bb sur la billetterie de l\u2019Office de tourisme.<\/p><\/li><\/ul>\t\t\t\t\t\t\t\t<\/div>\n\t\t\t\t<\/div>\n\t\t\t\t\t<\/div>\n\t\t<\/div>\n\t\t\t\t\t<\/div>\n\t\t<\/section>\n\t\t\t\t<section class=\"elementor-section elementor-top-section elementor-element elementor-element-50ccf05 elementor-section-boxed elementor-section-height-default elementor-section-height-default\" data-id=\"50ccf05\" data-element_type=\"section\" data-e-type=\"section\">\n\t\t\t\t\t\t<div class=\"elementor-container elementor-column-gap-default\">\n\t\t\t\t\t<div class=\"elementor-column elementor-col-100 elementor-top-column elementor-element elementor-element-0776bd6\" data-id=\"0776bd6\" data-element_type=\"column\" data-e-type=\"column\">\n\t\t\t<div class=\"elementor-widget-wrap\">\n\t\t\t\t\t\t\t<\/div>\n\t\t<\/div>\n\t\t\t\t\t<\/div>\n\t\t<\/section>\n\t\t\t\t<section class=\"elementor-section elementor-top-section elementor-element elementor-element-4c95ef3 elementor-section-stretched elementor-section-boxed elementor-section-height-default elementor-section-height-default\" data-id=\"4c95ef3\" data-element_type=\"section\" data-e-type=\"section\" data-settings=\"{&quot;stretch_section&quot;:&quot;section-stretched&quot;}\">\n\t\t\t\t\t\t<div class=\"elementor-container elementor-column-gap-default\">\n\t\t\t\t\t<div class=\"elementor-column elementor-col-100 elementor-top-column elementor-element elementor-element-a447de4\" data-id=\"a447de4\" data-element_type=\"column\" data-e-type=\"column\">\n\t\t\t<div class=\"elementor-widget-wrap elementor-element-populated\">\n\t\t\t\t\t\t<div class=\"elementor-element elementor-element-5f46ef6 elementor-widget elementor-widget-text-editor\" data-id=\"5f46ef6\" data-element_type=\"widget\" data-e-type=\"widget\" data-widget_type=\"text-editor.default\">\n\t\t\t\t<div class=\"elementor-widget-container\">\n\t\t\t\t\t\t\t\t\t<p><span style=\"text-decoration: underline;\"><strong>Opening hours<\/strong><\/span><\/p><p>Deux escales sont desservies chaque samedi et dimanche, du 29 ao\u00fbt au 27 septembre.<\/p><p><strong>Boulogne-Billancourt<\/strong><\/p><p>D\u00e9parts : 11h \/ 12h15 \/ 14h30 \/ 15h45 \/ 17h<br \/>Retours : 12h \/ 13h15 \/ 15h30 \/ 16h45 \/ 18h (fin du service)<\/p><p><strong>Issy-les-Moulineaux<\/strong><\/p><p>D\u00e9parts : 11h30 \/ 12h45 \/ 15h \/ 16h15 \/ 17h30<\/p>\t\t\t\t\t\t\t\t<\/div>\n\t\t\t\t<\/div>\n\t\t\t\t\t<\/div>\n\t\t<\/div>\n\t\t\t\t\t<\/div>\n\t\t<\/section>\n\t\t\t\t<section class=\"elementor-section elementor-top-section elementor-element elementor-element-39d231d elementor-section-boxed elementor-section-height-default elementor-section-height-default\" data-id=\"39d231d\" data-element_type=\"section\" data-e-type=\"section\">\n\t\t\t\t\t\t<div class=\"elementor-container elementor-column-gap-default\">\n\t\t\t\t\t<div class=\"elementor-column elementor-col-100 elementor-top-column elementor-element elementor-element-d96c978\" data-id=\"d96c978\" data-element_type=\"column\" data-e-type=\"column\">\n\t\t\t<div class=\"elementor-widget-wrap elementor-element-populated\">\n\t\t\t\t\t\t<div class=\"elementor-element elementor-element-82d38cc elementor-widget elementor-widget-spacer\" data-id=\"82d38cc\" data-element_type=\"widget\" data-e-type=\"widget\" data-widget_type=\"spacer.default\">\n\t\t\t\t<div class=\"elementor-widget-container\">\n\t\t\t\t\t\t\t<div class=\"elementor-spacer\">\n\t\t\t<div class=\"elementor-spacer-inner\"><\/div>\n\t\t<\/div>\n\t\t\t\t\t\t<\/div>\n\t\t\t\t<\/div>\n\t\t\t\t\t<\/div>\n\t\t<\/div>\n\t\t\t\t\t<\/div>\n\t\t<\/section>\n\t\t\t\t<section class=\"elementor-section elementor-top-section elementor-element elementor-element-d519d14 elementor-section-stretched elementor-section-boxed elementor-section-height-default elementor-section-height-default\" data-id=\"d519d14\" data-element_type=\"section\" data-e-type=\"section\" data-settings=\"{&quot;stretch_section&quot;:&quot;section-stretched&quot;}\">\n\t\t\t\t\t\t<div class=\"elementor-container elementor-column-gap-default\">\n\t\t\t\t\t<div class=\"elementor-column elementor-col-100 elementor-top-column elementor-element elementor-element-f18554b\" data-id=\"f18554b\" data-element_type=\"column\" data-e-type=\"column\">\n\t\t\t<div class=\"elementor-widget-wrap elementor-element-populated\">\n\t\t\t\t\t\t<div class=\"elementor-element elementor-element-4bb9f8d elementor-widget elementor-widget-html\" data-id=\"4bb9f8d\" data-element_type=\"widget\" data-e-type=\"widget\" data-widget_type=\"html.default\">\n\t\t\t\t<div class=\"elementor-widget-container\">\n\t\t\t\t\t<!--Partie css-->\r\n<style>\r\n    h5 {\r\n        color #D2614B\r\n    }\r\n    .info {\r\n      margin-bottom: 0px;\r\n      padding: 4px 12px;\r\n      background-color: #D2614B;\r\n      border-left: 6px solid #09571B;\r\n      color: #FFFFFF;\r\n      text-align: left;\r\n    }\r\n    .info a {\r\n        text-decoration: underline;\r\n        color: #FFFFFF;\r\n    }\r\n\ta:hover{\r\n\t\tcolor: #000000;\r\n\t\t\r\n\t}\r\n    <\/style>\r\n    <!--partie html-->\r\n    <body>\r\n    <div class=\"info\">\r\n    <h5>\r\n    Practical information\r\n    <\/h5>\r\n      <ul>\r\n           \r\n           \r\n<li>2\u20ac pour les adultes; gratuit pour les -18 ans<\/li>\r\n   \r\n<li>La navette sera gratuite lors des Journ\u00e9es du Patrimoine, les 19 et 20 septembre 2026<\/li>\r\n<li><a href=\"https:\/\/destination.hauts-de-seine.fr\/la-navette-fluviale-des-hauts-de-seine.html\" title=\"Linktitle\">R\u00e9servez votre place ici<\/a><\/li>\r\n<li><a href=\"https:\/\/destination.hauts-de-seine.fr\/la-navette-fluviale-des-hauts-de-seine.html\" title=\"Linktitle\">Site de l'organisateur Destination Hauts-de-Seine<\/a><\/li>\r\n\r\n<\/ul>\r\n               \r\n    <\/div>\r\n    <\/body>\t\t\t\t<\/div>\n\t\t\t\t<\/div>\n\t\t\t\t\t<\/div>\n\t\t<\/div>\n\t\t\t\t\t<\/div>\n\t\t<\/section>\n\t\t\t\t<\/div>","protected":false},"excerpt":{"rendered":"<p>Les Ateliers d&rsquo;Arts plastiques de la Ville repr\u00e9sentent le sport dans tous ses aspects. Exposition \u00e0 l&rsquo;Espace Landowski<\/p>","protected":false},"author":209,"featured_media":35008,"comment_status":"closed","ping_status":"closed","sticky":true,"template":"","format":"standard","meta":{"_acf_changed":false,"om_disable_all_campaigns":false,"_uf_show_specific_survey":0,"_uf_disable_surveys":false,"_themeisle_gutenberg_block_has_review":false,"footnotes":""},"categories":[57],"tags":[78,79],"class_list":["post-35006","post","type-post","status-publish","format-standard","has-post-thumbnail","hentry","category-boulogne-billancourt","tag-art","tag-exposition","entry"],"acf":[],"yoast_head":"<!-- This site is optimized with the Yoast SEO plugin v28.3 - https:\/\/yoast.com\/product\/yoast-seo-wordpress\/ -->\n<title>Navette fluviale \u00e9lectro solaire est de retour - OTBB<\/title>\n<meta name=\"description\" content=\"Activit\u00e9 \u00e0 Boulogne Billancourt : Retour de la navette fluviale pour le grand public \u00e0 la fin du mois d&#039;ao\u00fbt au mois de septembre.\" \/>\n<meta name=\"robots\" content=\"index, follow, max-snippet:-1, max-image-preview:large, max-video-preview:-1\" \/>\n<link rel=\"canonical\" href=\"https:\/\/otbb.org\/en\/activite-a-boulogne-billancourt-le-retour-de-la-navette-fluviale\/\" \/>\n<meta property=\"og:locale\" content=\"en_GB\" \/>\n<meta property=\"og:type\" content=\"article\" \/>\n<meta property=\"og:title\" content=\"Navette fluviale \u00e9lectro solaire est de retour - OTBB\" \/>\n<meta property=\"og:description\" content=\"Activit\u00e9 \u00e0 Boulogne Billancourt : Retour de la navette fluviale pour le grand public \u00e0 la fin du mois d&#039;ao\u00fbt au mois de septembre.\" \/>\n<meta property=\"og:url\" content=\"https:\/\/otbb.org\/en\/activite-a-boulogne-billancourt-le-retour-de-la-navette-fluviale\/\" \/>\n<meta property=\"og:site_name\" content=\"OTBB\" \/>\n<meta property=\"article:publisher\" content=\"https:\/\/www.facebook.com\/OTBB92\/\" \/>\n<meta property=\"article:published_time\" content=\"2024-07-08T14:13:24+00:00\" \/>\n<meta property=\"article:modified_time\" content=\"2026-08-31T15:53:09+00:00\" \/>\n<meta property=\"og:image\" content=\"https:\/\/otbb.org\/wp-content\/uploads\/2024\/07\/bigDesign_sans_titre__90_.png\" \/>\n\t<meta property=\"og:image:width\" content=\"600\" \/>\n\t<meta property=\"og:image:height\" content=\"300\" \/>\n\t<meta property=\"og:image:type\" content=\"image\/png\" \/>\n<meta name=\"author\" content=\"S\u00e9kou Diallo\" \/>\n<meta name=\"twitter:card\" content=\"summary_large_image\" \/>\n<meta name=\"twitter:creator\" content=\"@OTBB92\" \/>\n<meta name=\"twitter:site\" content=\"@OTBB92\" \/>\n<meta name=\"twitter:label1\" content=\"Written by\" \/>\n\t<meta name=\"twitter:data1\" content=\"S\u00e9kou Diallo\" \/>\n\t<meta name=\"twitter:label2\" content=\"Estimated reading time\" \/>\n\t<meta name=\"twitter:data2\" content=\"2 minutes\" \/>\n<script type=\"application\/ld+json\" class=\"yoast-schema-graph\">{\"@context\":\"https:\\\/\\\/schema.org\",\"@graph\":[{\"@type\":\"Article\",\"@id\":\"https:\\\/\\\/otbb.org\\\/activite-a-boulogne-billancourt-le-retour-de-la-navette-fluviale\\\/#article\",\"isPartOf\":{\"@id\":\"https:\\\/\\\/otbb.org\\\/activite-a-boulogne-billancourt-le-retour-de-la-navette-fluviale\\\/\"},\"author\":{\"name\":\"S\u00e9kou Diallo\",\"@id\":\"https:\\\/\\\/otbb.org\\\/#\\\/schema\\\/person\\\/7cc40bb95beabba635e9ca7259d828ed\"},\"headline\":\"Navette fluviale \u00e9lectro solaire est de retour\",\"datePublished\":\"2024-07-08T14:13:24+00:00\",\"dateModified\":\"2026-08-31T15:53:09+00:00\",\"mainEntityOfPage\":{\"@id\":\"https:\\\/\\\/otbb.org\\\/activite-a-boulogne-billancourt-le-retour-de-la-navette-fluviale\\\/\"},\"wordCount\":473,\"publisher\":{\"@id\":\"https:\\\/\\\/otbb.org\\\/#organization\"},\"image\":{\"@id\":\"https:\\\/\\\/otbb.org\\\/activite-a-boulogne-billancourt-le-retour-de-la-navette-fluviale\\\/#primaryimage\"},\"thumbnailUrl\":\"https:\\\/\\\/otbb.org\\\/wp-content\\\/uploads\\\/2024\\\/07\\\/bigDesign_sans_titre__90_.png\",\"keywords\":[\"art\",\"exposition\"],\"articleSection\":[\"Boulogne-Billancourt aujourd\u2019hui\"],\"inLanguage\":\"en-GB\"},{\"@type\":\"WebPage\",\"@id\":\"https:\\\/\\\/otbb.org\\\/activite-a-boulogne-billancourt-le-retour-de-la-navette-fluviale\\\/\",\"url\":\"https:\\\/\\\/otbb.org\\\/activite-a-boulogne-billancourt-le-retour-de-la-navette-fluviale\\\/\",\"name\":\"Navette fluviale \u00e9lectro solaire est de retour - OTBB\",\"isPartOf\":{\"@id\":\"https:\\\/\\\/otbb.org\\\/#website\"},\"primaryImageOfPage\":{\"@id\":\"https:\\\/\\\/otbb.org\\\/activite-a-boulogne-billancourt-le-retour-de-la-navette-fluviale\\\/#primaryimage\"},\"image\":{\"@id\":\"https:\\\/\\\/otbb.org\\\/activite-a-boulogne-billancourt-le-retour-de-la-navette-fluviale\\\/#primaryimage\"},\"thumbnailUrl\":\"https:\\\/\\\/otbb.org\\\/wp-content\\\/uploads\\\/2024\\\/07\\\/bigDesign_sans_titre__90_.png\",\"datePublished\":\"2024-07-08T14:13:24+00:00\",\"dateModified\":\"2026-08-31T15:53:09+00:00\",\"description\":\"Activit\u00e9 \u00e0 Boulogne Billancourt : Retour de la navette fluviale pour le grand public \u00e0 la fin du mois d'ao\u00fbt au mois de septembre.\",\"breadcrumb\":{\"@id\":\"https:\\\/\\\/otbb.org\\\/activite-a-boulogne-billancourt-le-retour-de-la-navette-fluviale\\\/#breadcrumb\"},\"inLanguage\":\"en-GB\",\"potentialAction\":[{\"@type\":\"ReadAction\",\"target\":[\"https:\\\/\\\/otbb.org\\\/activite-a-boulogne-billancourt-le-retour-de-la-navette-fluviale\\\/\"]}]},{\"@type\":\"ImageObject\",\"inLanguage\":\"en-GB\",\"@id\":\"https:\\\/\\\/otbb.org\\\/activite-a-boulogne-billancourt-le-retour-de-la-navette-fluviale\\\/#primaryimage\",\"url\":\"https:\\\/\\\/otbb.org\\\/wp-content\\\/uploads\\\/2024\\\/07\\\/bigDesign_sans_titre__90_.png\",\"contentUrl\":\"https:\\\/\\\/otbb.org\\\/wp-content\\\/uploads\\\/2024\\\/07\\\/bigDesign_sans_titre__90_.png\",\"width\":600,\"height\":300},{\"@type\":\"BreadcrumbList\",\"@id\":\"https:\\\/\\\/otbb.org\\\/activite-a-boulogne-billancourt-le-retour-de-la-navette-fluviale\\\/#breadcrumb\",\"itemListElement\":[{\"@type\":\"ListItem\",\"position\":1,\"name\":\"Accueil\",\"item\":\"https:\\\/\\\/otbb.org\\\/\"},{\"@type\":\"ListItem\",\"position\":2,\"name\":\"Navette fluviale \u00e9lectro solaire est de retour\"}]},{\"@type\":\"WebSite\",\"@id\":\"https:\\\/\\\/otbb.org\\\/#website\",\"url\":\"https:\\\/\\\/otbb.org\\\/\",\"name\":\"OTBB\",\"description\":\"Bienvenue sur le site de l\u2019office du tourisme de Boulogne Billancourt\",\"publisher\":{\"@id\":\"https:\\\/\\\/otbb.org\\\/#organization\"},\"potentialAction\":[{\"@type\":\"SearchAction\",\"target\":{\"@type\":\"EntryPoint\",\"urlTemplate\":\"https:\\\/\\\/otbb.org\\\/?s={search_term_string}\"},\"query-input\":{\"@type\":\"PropertyValueSpecification\",\"valueRequired\":true,\"valueName\":\"search_term_string\"}}],\"inLanguage\":\"en-GB\"},{\"@type\":\"Organization\",\"@id\":\"https:\\\/\\\/otbb.org\\\/#organization\",\"name\":\"OTBB\",\"url\":\"https:\\\/\\\/otbb.org\\\/\",\"logo\":{\"@type\":\"ImageObject\",\"inLanguage\":\"en-GB\",\"@id\":\"https:\\\/\\\/otbb.org\\\/#\\\/schema\\\/logo\\\/image\\\/\",\"url\":\"https:\\\/\\\/otbb.org\\\/wp-content\\\/uploads\\\/2024\\\/04\\\/cropped-logo_OTBB_horiz_QUADRI.webp\",\"contentUrl\":\"https:\\\/\\\/otbb.org\\\/wp-content\\\/uploads\\\/2024\\\/04\\\/cropped-logo_OTBB_horiz_QUADRI.webp\",\"width\":1035,\"height\":345,\"caption\":\"OTBB\"},\"image\":{\"@id\":\"https:\\\/\\\/otbb.org\\\/#\\\/schema\\\/logo\\\/image\\\/\"},\"sameAs\":[\"https:\\\/\\\/www.facebook.com\\\/OTBB92\\\/\",\"https:\\\/\\\/x.com\\\/OTBB92\",\"https:\\\/\\\/www.instagram.com\\\/otbb92\\\/\"]},{\"@type\":\"Person\",\"@id\":\"https:\\\/\\\/otbb.org\\\/#\\\/schema\\\/person\\\/7cc40bb95beabba635e9ca7259d828ed\",\"name\":\"S\u00e9kou Diallo\",\"image\":{\"@type\":\"ImageObject\",\"inLanguage\":\"en-GB\",\"@id\":\"https:\\\/\\\/secure.gravatar.com\\\/avatar\\\/656b271ef3026699d4f65d77f3c228738af2e48ad134369310d7a47c7c9c8dd7?s=96&d=mm&r=g\",\"url\":\"https:\\\/\\\/secure.gravatar.com\\\/avatar\\\/656b271ef3026699d4f65d77f3c228738af2e48ad134369310d7a47c7c9c8dd7?s=96&d=mm&r=g\",\"contentUrl\":\"https:\\\/\\\/secure.gravatar.com\\\/avatar\\\/656b271ef3026699d4f65d77f3c228738af2e48ad134369310d7a47c7c9c8dd7?s=96&d=mm&r=g\",\"caption\":\"S\u00e9kou Diallo\"},\"url\":\"https:\\\/\\\/otbb.org\\\/en\\\/author\\\/sekou-d\\\/\"}]}<\/script>\n<!-- \/ Yoast SEO plugin. -->","yoast_head_json":{"title":"Navette fluviale \u00e9lectro solaire est de retour - OTBB","description":"Activit\u00e9 \u00e0 Boulogne Billancourt : Retour de la navette fluviale pour le grand public \u00e0 la fin du mois d'ao\u00fbt au mois de septembre.","robots":{"index":"index","follow":"follow","max-snippet":"max-snippet:-1","max-image-preview":"max-image-preview:large","max-video-preview":"max-video-preview:-1"},"canonical":"https:\/\/otbb.org\/en\/activite-a-boulogne-billancourt-le-retour-de-la-navette-fluviale\/","og_locale":"en_GB","og_type":"article","og_title":"Navette fluviale \u00e9lectro solaire est de retour - OTBB","og_description":"Activit\u00e9 \u00e0 Boulogne Billancourt : Retour de la navette fluviale pour le grand public \u00e0 la fin du mois d'ao\u00fbt au mois de septembre.","og_url":"https:\/\/otbb.org\/en\/activite-a-boulogne-billancourt-le-retour-de-la-navette-fluviale\/","og_site_name":"OTBB","article_publisher":"https:\/\/www.facebook.com\/OTBB92\/","article_published_time":"2024-07-08T14:13:24+00:00","article_modified_time":"2026-08-31T15:53:09+00:00","og_image":[{"width":600,"height":300,"url":"https:\/\/otbb.org\/wp-content\/uploads\/2024\/07\/bigDesign_sans_titre__90_.png","type":"image\/png"}],"author":"S\u00e9kou Diallo","twitter_card":"summary_large_image","twitter_creator":"@OTBB92","twitter_site":"@OTBB92","twitter_misc":{"Written by":"S\u00e9kou Diallo","Estimated reading time":"2 minutes"},"schema":{"@context":"https:\/\/schema.org","@graph":[{"@type":"Article","@id":"https:\/\/otbb.org\/activite-a-boulogne-billancourt-le-retour-de-la-navette-fluviale\/#article","isPartOf":{"@id":"https:\/\/otbb.org\/activite-a-boulogne-billancourt-le-retour-de-la-navette-fluviale\/"},"author":{"name":"S\u00e9kou Diallo","@id":"https:\/\/otbb.org\/#\/schema\/person\/7cc40bb95beabba635e9ca7259d828ed"},"headline":"Navette fluviale \u00e9lectro solaire est de retour","datePublished":"2024-07-08T14:13:24+00:00","dateModified":"2026-08-31T15:53:09+00:00","mainEntityOfPage":{"@id":"https:\/\/otbb.org\/activite-a-boulogne-billancourt-le-retour-de-la-navette-fluviale\/"},"wordCount":473,"publisher":{"@id":"https:\/\/otbb.org\/#organization"},"image":{"@id":"https:\/\/otbb.org\/activite-a-boulogne-billancourt-le-retour-de-la-navette-fluviale\/#primaryimage"},"thumbnailUrl":"https:\/\/otbb.org\/wp-content\/uploads\/2024\/07\/bigDesign_sans_titre__90_.png","keywords":["art","exposition"],"articleSection":["Boulogne-Billancourt aujourd\u2019hui"],"inLanguage":"en-GB"},{"@type":"WebPage","@id":"https:\/\/otbb.org\/activite-a-boulogne-billancourt-le-retour-de-la-navette-fluviale\/","url":"https:\/\/otbb.org\/activite-a-boulogne-billancourt-le-retour-de-la-navette-fluviale\/","name":"Navette fluviale \u00e9lectro solaire est de retour - OTBB","isPartOf":{"@id":"https:\/\/otbb.org\/#website"},"primaryImageOfPage":{"@id":"https:\/\/otbb.org\/activite-a-boulogne-billancourt-le-retour-de-la-navette-fluviale\/#primaryimage"},"image":{"@id":"https:\/\/otbb.org\/activite-a-boulogne-billancourt-le-retour-de-la-navette-fluviale\/#primaryimage"},"thumbnailUrl":"https:\/\/otbb.org\/wp-content\/uploads\/2024\/07\/bigDesign_sans_titre__90_.png","datePublished":"2024-07-08T14:13:24+00:00","dateModified":"2026-08-31T15:53:09+00:00","description":"Activit\u00e9 \u00e0 Boulogne Billancourt : Retour de la navette fluviale pour le grand public \u00e0 la fin du mois d'ao\u00fbt au mois de septembre.","breadcrumb":{"@id":"https:\/\/otbb.org\/activite-a-boulogne-billancourt-le-retour-de-la-navette-fluviale\/#breadcrumb"},"inLanguage":"en-GB","potentialAction":[{"@type":"ReadAction","target":["https:\/\/otbb.org\/activite-a-boulogne-billancourt-le-retour-de-la-navette-fluviale\/"]}]},{"@type":"ImageObject","inLanguage":"en-GB","@id":"https:\/\/otbb.org\/activite-a-boulogne-billancourt-le-retour-de-la-navette-fluviale\/#primaryimage","url":"https:\/\/otbb.org\/wp-content\/uploads\/2024\/07\/bigDesign_sans_titre__90_.png","contentUrl":"https:\/\/otbb.org\/wp-content\/uploads\/2024\/07\/bigDesign_sans_titre__90_.png","width":600,"height":300},{"@type":"BreadcrumbList","@id":"https:\/\/otbb.org\/activite-a-boulogne-billancourt-le-retour-de-la-navette-fluviale\/#breadcrumb","itemListElement":[{"@type":"ListItem","position":1,"name":"Accueil","item":"https:\/\/otbb.org\/"},{"@type":"ListItem","position":2,"name":"Navette fluviale \u00e9lectro solaire est de retour"}]},{"@type":"WebSite","@id":"https:\/\/otbb.org\/#website","url":"https:\/\/otbb.org\/","name":"OTBB","description":"Bienvenue sur le site de l\u2019office du tourisme de Boulogne Billancourt","publisher":{"@id":"https:\/\/otbb.org\/#organization"},"potentialAction":[{"@type":"SearchAction","target":{"@type":"EntryPoint","urlTemplate":"https:\/\/otbb.org\/?s={search_term_string}"},"query-input":{"@type":"PropertyValueSpecification","valueRequired":true,"valueName":"search_term_string"}}],"inLanguage":"en-GB"},{"@type":"Organization","@id":"https:\/\/otbb.org\/#organization","name":"OTBB","url":"https:\/\/otbb.org\/","logo":{"@type":"ImageObject","inLanguage":"en-GB","@id":"https:\/\/otbb.org\/#\/schema\/logo\/image\/","url":"https:\/\/otbb.org\/wp-content\/uploads\/2024\/04\/cropped-logo_OTBB_horiz_QUADRI.webp","contentUrl":"https:\/\/otbb.org\/wp-content\/uploads\/2024\/04\/cropped-logo_OTBB_horiz_QUADRI.webp","width":1035,"height":345,"caption":"OTBB"},"image":{"@id":"https:\/\/otbb.org\/#\/schema\/logo\/image\/"},"sameAs":["https:\/\/www.facebook.com\/OTBB92\/","https:\/\/x.com\/OTBB92","https:\/\/www.instagram.com\/otbb92\/"]},{"@type":"Person","@id":"https:\/\/otbb.org\/#\/schema\/person\/7cc40bb95beabba635e9ca7259d828ed","name":"S\u00e9kou Diallo","image":{"@type":"ImageObject","inLanguage":"en-GB","@id":"https:\/\/secure.gravatar.com\/avatar\/656b271ef3026699d4f65d77f3c228738af2e48ad134369310d7a47c7c9c8dd7?s=96&d=mm&r=g","url":"https:\/\/secure.gravatar.com\/avatar\/656b271ef3026699d4f65d77f3c228738af2e48ad134369310d7a47c7c9c8dd7?s=96&d=mm&r=g","contentUrl":"https:\/\/secure.gravatar.com\/avatar\/656b271ef3026699d4f65d77f3c228738af2e48ad134369310d7a47c7c9c8dd7?s=96&d=mm&r=g","caption":"S\u00e9kou Diallo"},"url":"https:\/\/otbb.org\/en\/author\/sekou-d\/"}]}},"_links":{"self":[{"href":"https:\/\/otbb.org\/en\/wp-json\/wp\/v2\/posts\/35006","targetHints":{"allow":["GET"]}}],"collection":[{"href":"https:\/\/otbb.org\/en\/wp-json\/wp\/v2\/posts"}],"about":[{"href":"https:\/\/otbb.org\/en\/wp-json\/wp\/v2\/types\/post"}],"author":[{"embeddable":true,"href":"https:\/\/otbb.org\/en\/wp-json\/wp\/v2\/users\/209"}],"replies":[{"embeddable":true,"href":"https:\/\/otbb.org\/en\/wp-json\/wp\/v2\/comments?post=35006"}],"version-history":[{"count":78,"href":"https:\/\/otbb.org\/en\/wp-json\/wp\/v2\/posts\/35006\/revisions"}],"predecessor-version":[{"id":46049,"href":"https:\/\/otbb.org\/en\/wp-json\/wp\/v2\/posts\/35006\/revisions\/46049"}],"wp:featuredmedia":[{"embeddable":true,"href":"https:\/\/otbb.org\/en\/wp-json\/wp\/v2\/media\/35008"}],"wp:attachment":[{"href":"https:\/\/otbb.org\/en\/wp-json\/wp\/v2\/media?parent=35006"}],"wp:term":[{"taxonomy":"category","embeddable":true,"href":"https:\/\/otbb.org\/en\/wp-json\/wp\/v2\/categories?post=35006"},{"taxonomy":"post_tag","embeddable":true,"href":"https:\/\/otbb.org\/en\/wp-json\/wp\/v2\/tags?post=35006"}],"curies":[{"name":"wp","href":"https:\/\/api.w.org\/{rel}","templated":true}]}}